{"id":5111,"date":"2020-04-03T21:20:55","date_gmt":"2020-04-04T00:20:55","guid":{"rendered":"http:\/\/www.obispadorqta.org.ar\/v3\/?p=5111"},"modified":"2020-04-03T21:21:11","modified_gmt":"2020-04-04T00:21:11","slug":"celebraciones-del-obispo-diocesano-en-semana-santa","status":"publish","type":"post","link":"https:\/\/www.obispadorqta.org.ar\/v3\/celebraciones-del-obispo-diocesano-en-semana-santa\/","title":{"rendered":"Celebraciones del Obispo Diocesano en Semana Santa"},"content":{"rendered":"<div style=\"text-align: justify;\">Comunicamos a toda la comunidad diocesana, que las celebraciones que presidir\u00e1 nuestro Obispo Diocesano, Mons. \u00c1ngel Jos\u00e9 Mac\u00edn, en el marco de la Semana Santa, ser\u00e1n llevadas a cabo en la Iglesia Catedral \u00abInmaculada Concepci\u00f3n\u00bb de Reconquista y las mismas ser\u00e1n transmitidas v\u00eda Facebook, en los siguientes horarios:<\/div>\n<div style=\"text-align: justify;\"><b>\u00a0<\/b><\/div>\n<div style=\"text-align: justify;\"><b>&#8211; Domingo de Ramos, a las 10 hs.: con bendici\u00f3n de Ramos.\u00a0<\/b><\/div>\n<div style=\"text-align: justify;\"><b>&#8211; Jueves Santo, 19 hs.: Misa de la Cena del Se\u00f1or.<\/b><\/div>\n<div style=\"text-align: justify;\"><b>&#8211; S\u00e1bado Santo, 19 hs.: Vigilia Pascual, con bendici\u00f3n del agua.\u00a0<\/b><\/div>\n<div style=\"text-align: justify;\"><b>\u00a0<\/b><\/div>\n<div style=\"text-align: justify;\">El link del Facebook de la Parroquia \u00abInmaculada Concepci\u00f3n\u00bb es el siguiente:<\/div>\n<div style=\"text-align: justify;\"><\/div>\n<div style=\"text-align: justify;\"><a href=\"https:\/\/www.facebook.com\/profile.php?id=100004392738120\" target=\"_blank\" rel=\"noopener noreferrer\" data-saferedirecturl=\"https:\/\/www.google.com\/url?q=https:\/\/www.facebook.com\/profile.php?id%3D100004392738120&amp;source=gmail&amp;ust=1586044502557000&amp;usg=AFQjCNExAhy4PnjdXV0lbtU4YuitvKV8SA\">https:\/\/www.facebook.com\/<wbr \/>profile.php?id=100004392738120<\/a><wbr \/><\/div>\n<div style=\"text-align: justify;\"><\/div>\n<div style=\"text-align: justify;\">Invitamos a todos los fieles a entrar en conexi\u00f3n a las distintas celebraciones, como gesto de comuni\u00f3n, y expresi\u00f3n de una Iglesia Orante y Misionera.<\/div>\n","protected":false},"excerpt":{"rendered":"<div class=\"mh-excerpt\"><p>Comunicamos a toda la comunidad diocesana, que las celebraciones que presidir\u00e1 nuestro Obispo Diocesano, Mons. \u00c1ngel Jos\u00e9 Mac\u00edn, en el marco de la Semana Santa, <a class=\"mh-excerpt-more\" href=\"https:\/\/www.obispadorqta.org.ar\/v3\/celebraciones-del-obispo-diocesano-en-semana-santa\/\" title=\"Celebraciones del Obispo Diocesano en Semana Santa\">[&#8230;]<\/a><\/p>\n<\/div>","protected":false},"author":2,"featured_media":5096,"comment_status":"closed","ping_status":"open","sticky":false,"template":"","format":"standard","meta":{"footnotes":""},"categories":[6,28],"tags":[],"class_list":["post-5111","post","type-post","status-publish","format-standard","has-post-thumbnail","hentry","category-news","category-latest-news"],"_links":{"self":[{"href":"https:\/\/www.obispadorqta.org.ar\/v3\/wp-json\/wp\/v2\/posts\/5111","targetHints":{"allow":["GET"]}}],"collection":[{"href":"https:\/\/www.obispadorqta.org.ar\/v3\/wp-json\/wp\/v2\/posts"}],"about":[{"href":"https:\/\/www.obispadorqta.org.ar\/v3\/wp-json\/wp\/v2\/types\/post"}],"author":[{"embeddable":true,"href":"https:\/\/www.obispadorqta.org.ar\/v3\/wp-json\/wp\/v2\/users\/2"}],"replies":[{"embeddable":true,"href":"https:\/\/www.obispadorqta.org.ar\/v3\/wp-json\/wp\/v2\/comments?post=5111"}],"version-history":[{"count":1,"href":"https:\/\/www.obispadorqta.org.ar\/v3\/wp-json\/wp\/v2\/posts\/5111\/revisions"}],"predecessor-version":[{"id":5112,"href":"https:\/\/www.obispadorqta.org.ar\/v3\/wp-json\/wp\/v2\/posts\/5111\/revisions\/5112"}],"wp:featuredmedia":[{"embeddable":true,"href":"https:\/\/www.obispadorqta.org.ar\/v3\/wp-json\/wp\/v2\/media\/5096"}],"wp:attachment":[{"href":"https:\/\/www.obispadorqta.org.ar\/v3\/wp-json\/wp\/v2\/media?parent=5111"}],"wp:term":[{"taxonomy":"category","embeddable":true,"href":"https:\/\/www.obispadorqta.org.ar\/v3\/wp-json\/wp\/v2\/categories?post=5111"},{"taxonomy":"post_tag","embeddable":true,"href":"https:\/\/www.obispadorqta.org.ar\/v3\/wp-json\/wp\/v2\/tags?post=5111"}],"curies":[{"name":"wp","href":"https:\/\/api.w.org\/{rel}","templated":true}]}}