{"id":5116,"date":"2020-04-04T11:30:25","date_gmt":"2020-04-04T14:30:25","guid":{"rendered":"http:\/\/www.obispadorqta.org.ar\/v3\/?p=5116"},"modified":"2020-04-04T16:12:37","modified_gmt":"2020-04-04T19:12:37","slug":"informe-de-la-mesa-de-emergencia-diocesana","status":"publish","type":"post","link":"https:\/\/www.obispadorqta.org.ar\/v3\/informe-de-la-mesa-de-emergencia-diocesana\/","title":{"rendered":"Informe de la Mesa de Emergencia Diocesana"},"content":{"rendered":"<p style=\"text-align: center;\"><b><span data-contrast=\"auto\">ESTAMOS, COMPARTIMOS Y NOS SOSTENEMOS<\/span><\/b><span data-ccp-props=\"{&quot;201341983&quot;:0,&quot;335551550&quot;:2,&quot;335551620&quot;:2,&quot;335559738&quot;:120,&quot;335559739&quot;:160,&quot;335559740&quot;:259}\">\u00a0<\/span><\/p>\n<p style=\"text-align: center;\"><span data-contrast=\"auto\">Primer informe sobre las actividades llevadas a cabo en estos d\u00edas<\/span><span data-ccp-props=\"{&quot;201341983&quot;:0,&quot;335551550&quot;:2,&quot;335551620&quot;:2,&quot;335559738&quot;:120,&quot;335559739&quot;:160,&quot;335559740&quot;:259}\">\u00a0<\/span><span data-contrast=\"auto\">por la Mesa de Emergencia<\/span><span data-contrast=\"auto\">\u00a0Diocesana<\/span><span data-contrast=\"auto\">\u00a0de Reconquista<\/span><span data-ccp-props=\"{&quot;201341983&quot;:0,&quot;335551550&quot;:2,&quot;335551620&quot;:2,&quot;335559738&quot;:120,&quot;335559739&quot;:160,&quot;335559740&quot;:259}\">\u00a0<\/span><\/p>\n<p style=\"text-align: justify;\">El Obispo de la Di\u00f3cesis de Reconquista, Monse\u00f1or \u00c1ngel Jos\u00e9 Mac\u00edn, convoc\u00f3 a algunas instituciones y organismos diocesanos que trabajan en el \u00e1mbito social, a conformar una Mesa de Emergencia, con ocasi\u00f3n de la pandemia producida por el COVID 19. Propuso pensar y actuar creativa y responsablemente para contribuir al cumplimiento de las medidas decididas por el Estado, a colaborar en aquellos espacios donde \u00e9ste u otras organizaciones no alcanzan al llegar y a mantener y animar la fe, la esperanza y el compromiso de los creyentes en general, todos comprometidos por la caridad.<\/p>\n<p style=\"text-align: justify;\">Pocas horas antes de decretarse la Cuarentena Preventiva Obligatoria para todo el pa\u00eds, el Obispo de Reconquista, Monse\u00f1or \u00c1ngel Jos\u00e9 Mac\u00edn, convoc\u00f3 de modo presencial y virtual a algunas instituciones Diocesanas como Caritas, Pastoral Social y Justicia y Paz, todas vinculadas al quehacer social, a conformar una Mesa de Emergencia Diocesana. Propuso trabajar con creatividad y responsabilidad cristiana para hacer presente a la Iglesia en esta situaci\u00f3n cr\u00edtica, incentivando a todos los cristianos y a la comunidad en general, a respetar las disposiciones impartidas para el cuidado de la salud, a cooperar en la atenci\u00f3n y contenci\u00f3n de situaciones que como consecuencia de la Pandemia se produzcan y sobre todo a estar cercanos a las instituciones civiles m\u00e1s involucradas, cooperando y valorando su trabajo con acciones concretas. Todo esto en articulaci\u00f3n con las parroquias y dem\u00e1s organismos de la Di\u00f3cesis.<\/p>\n<p style=\"text-align: justify;\">De inmediato, se definieron como prioridades trabajar en: la articulaci\u00f3n de esfuerzos con todos los actores p\u00fablicos involucrados en el cuidado de la comunidad, y el dise\u00f1o de una campa\u00f1a diocesana para la animaci\u00f3n espiritual de los creyentes.<\/p>\n<p style=\"padding-left: 40px; text-align: justify;\">1. Se hizo un relevamiento de la situaci\u00f3n de familias m\u00e1s carenciadas en casi todas las parroquias de la Di\u00f3cesis, con un registro escrito que se va actualizando semanalmente. Esto fue llevado adelante por Caritas, que despu\u00e9s asisti\u00f3 a familias vulnerables en distintos lugares del territorio diocesano. En el momento oportuno, desde Caritas se informar\u00e1 m\u00e1s detalladamente sobre el n\u00famero de familias asistidas.<\/p>\n<p style=\"text-align: justify; padding-left: 40px;\">2. En di\u00e1logo con autoridades del penal de Santa Felicia, el Servicio P\u00fablico Provincial de la Defensa Penal, la Polic\u00eda de Santa Fe, Municipios y Comunas se estableci\u00f3 una red de recepci\u00f3n de elementos de primera necesidad para los internos del Penal de Santa Felicia.<\/p>\n<p style=\"text-align: justify; padding-left: 40px;\">Como metodolog\u00eda de trabajo, articulada entre los actores, y para facilitar a las familias la concentraci\u00f3n de los env\u00edos, se establecieron centros de recepci\u00f3n en algunas parroquias de la Di\u00f3cesis, o bien en las dependencias policiales m\u00e1s cercanas al domicilio de cada interesado. Luego un m\u00f3vil del Servicio Penitenciario retir\u00f3 lo entregado, para llevarlo a la unidad Penal N\u00b0 10. Este procedimiento se puso en funcionamiento a partir del d\u00eda 26 de marzo y finaliz\u00f3 la primera ronda el d\u00eda 2 de abril, logrando concentrar m\u00e1s de 100 env\u00edos familiares, proveniente de 15 localidades de los departamentos Vera, Gral. Obligado y San Javier, todos ellos jurisdicci\u00f3n diocesana.<\/p>\n<p style=\"text-align: justify; padding-left: 40px;\">Cabe agregar tambi\u00e9n que la territorialidad de estas acciones trascendieron la jurisdicci\u00f3n diocesana, ya que en la Unidad Penal N\u00b0 10 hay internos de otros departamentos y otras di\u00f3cesis, como es el caso de los departamentos San Crist\u00f3bal, La Capital, 9 de Julio, Helvecia, etc. En esas localidades tambi\u00e9n se est\u00e1n articulando esfuerzos para logar el mismo prop\u00f3sito aunque con mayores dificultades por las restricciones para circular autom\u00f3viles. Esta experiencia fue positiva, y se ha comenzado con la segunda fase de la misma, extendi\u00e9ndose la iniciativa a otras unidades penales de la provincia.<\/p>\n<p style=\"text-align: justify; padding-left: 40px;\">El trabajo conjunto y bien articulado permiti\u00f3 superar una situaci\u00f3n compleja, ayudar a las familias a mantener cercan\u00eda con sus familiares privados de libertad, inclusive despert\u00f3 acciones solidarias entre las mismas, que alientan la continuidad de la tarea iniciada.<\/p>\n<p style=\"text-align: justify; padding-left: 40px;\">3. Por otra parte, el Obispo tambi\u00e9n alent\u00f3 a la Mesa de Emergencia Diocesana a contribuir creativamente para mantener el esp\u00edritu de una iglesia presente, capaz de ayudar a sostener la fe entre todos. Tales expresiones concluyeron en la preparaci\u00f3n de una Novena Cuaresmal Ecum\u00e9nica, contribuyendo de este modo a la animaci\u00f3n y participaci\u00f3n de la vida espiritual a trav\u00e9s de las redes sociales y emisoras de radio. Los novena fue pensada desde una perspectiva ecum\u00e9nica, invitando a todos los creyentes, sin distinci\u00f3n de culto a rezar por las personas que est\u00e1n trabajando en la emergencia, como los enfermeros, m\u00e9dicos, fuerzas de seguridad, autoridades pol\u00edticas, personas que viven en situaci\u00f3n de soledad, docentes, comunicadores sociales, etc. La misma concluir\u00e1 el 5 de abril d\u00eda que se celebra el inicio de la Semana Santa.<\/p>\n<p style=\"text-align: justify; padding-left: 40px;\">4. La Mesa de Emergencia Diocesana seguir\u00e1 adelante con otras acciones que el Esp\u00edritu vaya inspirando. Agradecemos la buena disposici\u00f3n de tantos y les contamos que ya se estamos dise\u00f1ando otras actividades, que iremos peri\u00f3dicamente informando, para que sosteni\u00e9ndonos entre todos, especialmente atendiendo a los m\u00e1s d\u00e9biles, podamos atravesar esta situaci\u00f3n complicada.<\/p>\n<p>Reconquista, 04 de Abril de 2020<\/p>\n<p style=\"text-align: right;\">MESA DE EMERGENCIAS<br \/>Di\u00f3cesis de Reconquista<\/p>\n\n\n<p><\/p>\n","protected":false},"excerpt":{"rendered":"<div class=\"mh-excerpt\"><p>ESTAMOS, COMPARTIMOS Y NOS SOSTENEMOS\u00a0 Primer informe sobre las actividades llevadas a cabo en estos d\u00edas\u00a0por la Mesa de Emergencia\u00a0Diocesana\u00a0de Reconquista\u00a0 El Obispo de la <a class=\"mh-excerpt-more\" href=\"https:\/\/www.obispadorqta.org.ar\/v3\/informe-de-la-mesa-de-emergencia-diocesana\/\" title=\"Informe de la Mesa de Emergencia Diocesana\">[&#8230;]<\/a><\/p>\n<\/div>","protected":false},"author":2,"featured_media":5096,"comment_status":"closed","ping_status":"open","sticky":false,"template":"","format":"standard","meta":{"footnotes":""},"categories":[6,28],"tags":[],"class_list":["post-5116","post","type-post","status-publish","format-standard","has-post-thumbnail","hentry","category-news","category-latest-news"],"_links":{"self":[{"href":"https:\/\/www.obispadorqta.org.ar\/v3\/wp-json\/wp\/v2\/posts\/5116","targetHints":{"allow":["GET"]}}],"collection":[{"href":"https:\/\/www.obispadorqta.org.ar\/v3\/wp-json\/wp\/v2\/posts"}],"about":[{"href":"https:\/\/www.obispadorqta.org.ar\/v3\/wp-json\/wp\/v2\/types\/post"}],"author":[{"embeddable":true,"href":"https:\/\/www.obispadorqta.org.ar\/v3\/wp-json\/wp\/v2\/users\/2"}],"replies":[{"embeddable":true,"href":"https:\/\/www.obispadorqta.org.ar\/v3\/wp-json\/wp\/v2\/comments?post=5116"}],"version-history":[{"count":11,"href":"https:\/\/www.obispadorqta.org.ar\/v3\/wp-json\/wp\/v2\/posts\/5116\/revisions"}],"predecessor-version":[{"id":5127,"href":"https:\/\/www.obispadorqta.org.ar\/v3\/wp-json\/wp\/v2\/posts\/5116\/revisions\/5127"}],"wp:featuredmedia":[{"embeddable":true,"href":"https:\/\/www.obispadorqta.org.ar\/v3\/wp-json\/wp\/v2\/media\/5096"}],"wp:attachment":[{"href":"https:\/\/www.obispadorqta.org.ar\/v3\/wp-json\/wp\/v2\/media?parent=5116"}],"wp:term":[{"taxonomy":"category","embeddable":true,"href":"https:\/\/www.obispadorqta.org.ar\/v3\/wp-json\/wp\/v2\/categories?post=5116"},{"taxonomy":"post_tag","embeddable":true,"href":"https:\/\/www.obispadorqta.org.ar\/v3\/wp-json\/wp\/v2\/tags?post=5116"}],"curies":[{"name":"wp","href":"https:\/\/api.w.org\/{rel}","templated":true}]}}