{"id":5131,"date":"2020-04-06T10:28:37","date_gmt":"2020-04-06T13:28:37","guid":{"rendered":"http:\/\/www.obispadorqta.org.ar\/v3\/?p=5131"},"modified":"2020-04-06T10:50:59","modified_gmt":"2020-04-06T13:50:59","slug":"salud-p-nestor-vera","status":"publish","type":"post","link":"https:\/\/www.obispadorqta.org.ar\/v3\/salud-p-nestor-vera\/","title":{"rendered":"SALUD P. N\u00c9STOR VERA"},"content":{"rendered":"<p style=\"text-align: justify;\">Comunicamos a la comunidad que el P. N\u00e9stor Vera ha concluido el per\u00edodo de aislamiento, luego de la implantaci\u00f3n de c\u00e9lulas en su m\u00e9dula. Las mismas han comenzado a funcionar en su organismo.<\/p>\n<p style=\"text-align: justify;\">Viendo esta evoluci\u00f3n ,el P. N\u00e9stor fue dado de alta el fin de semana y contin\u00faa su recuperaci\u00f3n en la casa de un familiar, cercana al centro al Hospital donde fue intervenido.<\/p>\n<p style=\"text-align: justify;\">Agradecemos la salud de este querido sacerdote de la Di\u00f3cesis, seguimos rezando por \u00e9l y su obra, y valoramos el aporte de tantos que han colaborado para que este tratamiento sea posible.<\/p>\n","protected":false},"excerpt":{"rendered":"<div class=\"mh-excerpt\"><p>Comunicamos a la comunidad que el P. N\u00e9stor Vera ha concluido el per\u00edodo de aislamiento, luego de la implantaci\u00f3n de c\u00e9lulas en su m\u00e9dula. Las <a class=\"mh-excerpt-more\" href=\"https:\/\/www.obispadorqta.org.ar\/v3\/salud-p-nestor-vera\/\" title=\"SALUD P. N\u00c9STOR VERA\">[&#8230;]<\/a><\/p>\n<\/div>","protected":false},"author":2,"featured_media":4586,"comment_status":"closed","ping_status":"open","sticky":false,"template":"","format":"standard","meta":{"footnotes":""},"categories":[6,28],"tags":[],"class_list":["post-5131","post","type-post","status-publish","format-standard","has-post-thumbnail","hentry","category-news","category-latest-news"],"_links":{"self":[{"href":"https:\/\/www.obispadorqta.org.ar\/v3\/wp-json\/wp\/v2\/posts\/5131","targetHints":{"allow":["GET"]}}],"collection":[{"href":"https:\/\/www.obispadorqta.org.ar\/v3\/wp-json\/wp\/v2\/posts"}],"about":[{"href":"https:\/\/www.obispadorqta.org.ar\/v3\/wp-json\/wp\/v2\/types\/post"}],"author":[{"embeddable":true,"href":"https:\/\/www.obispadorqta.org.ar\/v3\/wp-json\/wp\/v2\/users\/2"}],"replies":[{"embeddable":true,"href":"https:\/\/www.obispadorqta.org.ar\/v3\/wp-json\/wp\/v2\/comments?post=5131"}],"version-history":[{"count":3,"href":"https:\/\/www.obispadorqta.org.ar\/v3\/wp-json\/wp\/v2\/posts\/5131\/revisions"}],"predecessor-version":[{"id":5134,"href":"https:\/\/www.obispadorqta.org.ar\/v3\/wp-json\/wp\/v2\/posts\/5131\/revisions\/5134"}],"wp:featuredmedia":[{"embeddable":true,"href":"https:\/\/www.obispadorqta.org.ar\/v3\/wp-json\/wp\/v2\/media\/4586"}],"wp:attachment":[{"href":"https:\/\/www.obispadorqta.org.ar\/v3\/wp-json\/wp\/v2\/media?parent=5131"}],"wp:term":[{"taxonomy":"category","embeddable":true,"href":"https:\/\/www.obispadorqta.org.ar\/v3\/wp-json\/wp\/v2\/categories?post=5131"},{"taxonomy":"post_tag","embeddable":true,"href":"https:\/\/www.obispadorqta.org.ar\/v3\/wp-json\/wp\/v2\/tags?post=5131"}],"curies":[{"name":"wp","href":"https:\/\/api.w.org\/{rel}","templated":true}]}}