{"id":5135,"date":"2020-04-06T10:50:44","date_gmt":"2020-04-06T13:50:44","guid":{"rendered":"http:\/\/www.obispadorqta.org.ar\/v3\/?p=5135"},"modified":"2020-04-06T10:50:54","modified_gmt":"2020-04-06T13:50:54","slug":"expresion-de-comunion","status":"publish","type":"post","link":"https:\/\/www.obispadorqta.org.ar\/v3\/expresion-de-comunion\/","title":{"rendered":"EXPRESI\u00d3N DE COMUNI\u00d3N"},"content":{"rendered":"<p style=\"text-align: justify;\">En el marco de la celebraci\u00f3n de la Semana Santa, recordamos a todas las comunidades que, el pr\u00f3ximo Jueves Santo, 9 de Abril, a las 19 hs., se celebrar\u00e1 la Misa de la Cena del Se\u00f1or, presidida por nuestro Obispo Diocesano, Mons. \u00c1ngel Jos\u00e9 Mac\u00edn. Al finalizar la misma, hacia las 20 hs., el Obispo, desde el atrio de la Iglesia Catedral, bendecir\u00e1 con el Sant\u00edsimo Sacramento a toda la di\u00f3cesis, expresando as\u00ed el Misterio de Comuni\u00f3n que veneramos en la Eucarist\u00eda y pidiendo por la salud de los enfermos, la liberaci\u00f3n de todo mal y la fortaleza y la paz para todos.<\/p>\n<p>Se realizar\u00e1 la transmisi\u00f3n por LTV, Playcon y la red social facebook, en el siguiente link: <a href=\"https:\/\/www.facebook.com\/profile.php?id=100004392738120\">https:\/\/www.facebook.com\/profile.php?id=100004392738120<\/a><\/p>\n<p style=\"text-align: justify;\">Invitamos a todos a unirse a este momento de comuni\u00f3n diocesana por v\u00eda digital.<\/p>\n","protected":false},"excerpt":{"rendered":"<div class=\"mh-excerpt\"><p>En el marco de la celebraci\u00f3n de la Semana Santa, recordamos a todas las comunidades que, el pr\u00f3ximo Jueves Santo, 9 de Abril, a las <a class=\"mh-excerpt-more\" href=\"https:\/\/www.obispadorqta.org.ar\/v3\/expresion-de-comunion\/\" title=\"EXPRESI\u00d3N DE COMUNI\u00d3N\">[&#8230;]<\/a><\/p>\n<\/div>","protected":false},"author":2,"featured_media":5139,"comment_status":"closed","ping_status":"open","sticky":false,"template":"","format":"standard","meta":{"footnotes":""},"categories":[6,28],"tags":[],"class_list":["post-5135","post","type-post","status-publish","format-standard","has-post-thumbnail","hentry","category-news","category-latest-news"],"_links":{"self":[{"href":"https:\/\/www.obispadorqta.org.ar\/v3\/wp-json\/wp\/v2\/posts\/5135","targetHints":{"allow":["GET"]}}],"collection":[{"href":"https:\/\/www.obispadorqta.org.ar\/v3\/wp-json\/wp\/v2\/posts"}],"about":[{"href":"https:\/\/www.obispadorqta.org.ar\/v3\/wp-json\/wp\/v2\/types\/post"}],"author":[{"embeddable":true,"href":"https:\/\/www.obispadorqta.org.ar\/v3\/wp-json\/wp\/v2\/users\/2"}],"replies":[{"embeddable":true,"href":"https:\/\/www.obispadorqta.org.ar\/v3\/wp-json\/wp\/v2\/comments?post=5135"}],"version-history":[{"count":2,"href":"https:\/\/www.obispadorqta.org.ar\/v3\/wp-json\/wp\/v2\/posts\/5135\/revisions"}],"predecessor-version":[{"id":5137,"href":"https:\/\/www.obispadorqta.org.ar\/v3\/wp-json\/wp\/v2\/posts\/5135\/revisions\/5137"}],"wp:featuredmedia":[{"embeddable":true,"href":"https:\/\/www.obispadorqta.org.ar\/v3\/wp-json\/wp\/v2\/media\/5139"}],"wp:attachment":[{"href":"https:\/\/www.obispadorqta.org.ar\/v3\/wp-json\/wp\/v2\/media?parent=5135"}],"wp:term":[{"taxonomy":"category","embeddable":true,"href":"https:\/\/www.obispadorqta.org.ar\/v3\/wp-json\/wp\/v2\/categories?post=5135"},{"taxonomy":"post_tag","embeddable":true,"href":"https:\/\/www.obispadorqta.org.ar\/v3\/wp-json\/wp\/v2\/tags?post=5135"}],"curies":[{"name":"wp","href":"https:\/\/api.w.org\/{rel}","templated":true}]}}