{"id":5163,"date":"2020-04-12T06:01:00","date_gmt":"2020-04-12T09:01:00","guid":{"rendered":"http:\/\/www.obispadorqta.org.ar\/v3\/?p=5163"},"modified":"2020-04-11T23:14:12","modified_gmt":"2020-04-12T02:14:12","slug":"saludo-pascual-del-obispo-diocesano-mons-angel-jose-macin","status":"publish","type":"post","link":"https:\/\/www.obispadorqta.org.ar\/v3\/saludo-pascual-del-obispo-diocesano-mons-angel-jose-macin\/","title":{"rendered":"Saludo Pascual del Obispo Diocesano, Mons. \u00c1ngel Jos\u00e9 Mac\u00edn"},"content":{"rendered":"<p style=\"text-align: justify;\">Queridos hermanos y hermanas:<\/p>\n<p style=\"text-align: justify;\">\u00a0 \u00a0 \u00a0\u00a1Feliz Pascua de Resurrecci\u00f3n! Hemos recorrido una cuaresma at\u00edpica, y estamos celebrando la fiesta de la Pascua, expresi\u00f3n de la vida plena. As\u00ed escrib\u00eda San Pablo a los Romanos, ya hacia el final de su existencia terrena:<\/p>\n<p style=\"text-align: justify;\">\u00a0 \u00a0 \u00a0<em>\u201cEntonces, \u00bfqu\u00e9 diremos a esto? Si Dios est\u00e1 con nosotros, \u00bfqui\u00e9n estar\u00e1 contra nosotros? El que no neg\u00f3 ni a Su propio Hijo, sino que lo entreg\u00f3 por todos nosotros, \u00bfc\u00f3mo no nos dar\u00e1 tambi\u00e9n junto con \u00c9l todo lo que necesitamos? &#8230;Porque estoy convencido de que ni la muerte, ni la vida, ni \u00e1ngeles, ni principados, ni lo presente, ni aquello por venir, ni los poderes de lo alto o de lo profundo, ni ninguna otra cosa creada nos podr\u00e1 separar del amor de Dios, manifestado en Cristo Jes\u00fas, Se\u00f1or nuestro\u201d<\/em> (cf. Rom 8,31- 39).<\/p>\n<p style=\"text-align: justify;\">\u00a0 \u00a0 \u00a0Este hermoso texto de la Palabra refleja los sentimientos que quisiera compartir con ustedes en este d\u00eda, y durante este tiempo: <strong>\u00a1Ya nada puede <\/strong><strong>separarnos del amor de Dios, Cristo ha resucitado!<\/strong><\/p>\n<p style=\"text-align: justify;\">\u00a0 \u00a0 \u00a0Hoy m\u00e1s que nunca se hace realidad la invitaci\u00f3n de Jes\u00fas: <em>\u201cvayan a Galilea, que all\u00ed me ver\u00e1n\u201d<\/em> (cf. Mt 28,7). En nuestras casas, continuando con los cuidados necesarios, tenemos la certeza que no estamos solos, y que los dem\u00e1s nos necesitan.<\/p>\n<p style=\"text-align: justify;\">\u00a0 \u00a0 \u00a0Dios derrame sobre ustedes una abundante bendici\u00f3n, y los llene con su paz y su amor.<\/p>\n<p style=\"text-align: justify;\">\u00a0 \u00a0 \u00a0Sede Episcopal de Reconquista, 12 de Abril de 2020.<\/p>\n<p>\u00a0<\/p>\n<p style=\"text-align: right;\">Mons. Dr. \u00c1ngel Jos\u00e9 Mac\u00edn<\/p>\n<p style=\"text-align: right;\">Obispo de Reconquista<\/p>\n","protected":false},"excerpt":{"rendered":"<div class=\"mh-excerpt\"><p>Queridos hermanos y hermanas: \u00a0 \u00a0 \u00a0\u00a1Feliz Pascua de Resurrecci\u00f3n! Hemos recorrido una cuaresma at\u00edpica, y estamos celebrando la fiesta de la Pascua, expresi\u00f3n de <a class=\"mh-excerpt-more\" href=\"https:\/\/www.obispadorqta.org.ar\/v3\/saludo-pascual-del-obispo-diocesano-mons-angel-jose-macin\/\" title=\"Saludo Pascual del Obispo Diocesano, Mons. \u00c1ngel Jos\u00e9 Mac\u00edn\">[&#8230;]<\/a><\/p>\n<\/div>","protected":false},"author":2,"featured_media":5146,"comment_status":"closed","ping_status":"open","sticky":false,"template":"","format":"standard","meta":{"footnotes":""},"categories":[6,28],"tags":[],"class_list":["post-5163","post","type-post","status-publish","format-standard","has-post-thumbnail","hentry","category-news","category-latest-news"],"_links":{"self":[{"href":"https:\/\/www.obispadorqta.org.ar\/v3\/wp-json\/wp\/v2\/posts\/5163","targetHints":{"allow":["GET"]}}],"collection":[{"href":"https:\/\/www.obispadorqta.org.ar\/v3\/wp-json\/wp\/v2\/posts"}],"about":[{"href":"https:\/\/www.obispadorqta.org.ar\/v3\/wp-json\/wp\/v2\/types\/post"}],"author":[{"embeddable":true,"href":"https:\/\/www.obispadorqta.org.ar\/v3\/wp-json\/wp\/v2\/users\/2"}],"replies":[{"embeddable":true,"href":"https:\/\/www.obispadorqta.org.ar\/v3\/wp-json\/wp\/v2\/comments?post=5163"}],"version-history":[{"count":3,"href":"https:\/\/www.obispadorqta.org.ar\/v3\/wp-json\/wp\/v2\/posts\/5163\/revisions"}],"predecessor-version":[{"id":5166,"href":"https:\/\/www.obispadorqta.org.ar\/v3\/wp-json\/wp\/v2\/posts\/5163\/revisions\/5166"}],"wp:featuredmedia":[{"embeddable":true,"href":"https:\/\/www.obispadorqta.org.ar\/v3\/wp-json\/wp\/v2\/media\/5146"}],"wp:attachment":[{"href":"https:\/\/www.obispadorqta.org.ar\/v3\/wp-json\/wp\/v2\/media?parent=5163"}],"wp:term":[{"taxonomy":"category","embeddable":true,"href":"https:\/\/www.obispadorqta.org.ar\/v3\/wp-json\/wp\/v2\/categories?post=5163"},{"taxonomy":"post_tag","embeddable":true,"href":"https:\/\/www.obispadorqta.org.ar\/v3\/wp-json\/wp\/v2\/tags?post=5163"}],"curies":[{"name":"wp","href":"https:\/\/api.w.org\/{rel}","templated":true}]}}