{"id":5171,"date":"2020-04-18T13:45:34","date_gmt":"2020-04-18T16:45:34","guid":{"rendered":"http:\/\/www.obispadorqta.org.ar\/v3\/?p=5171"},"modified":"2020-04-18T13:46:00","modified_gmt":"2020-04-18T16:46:00","slug":"reunion-mesa-de-emergencia-diocesana","status":"publish","type":"post","link":"https:\/\/www.obispadorqta.org.ar\/v3\/reunion-mesa-de-emergencia-diocesana\/","title":{"rendered":"REUNI\u00d3N MESA DE EMERGENCIA DIOCESANA"},"content":{"rendered":"<p style=\"text-align: justify;\">El viernes 17, en horas de la tarde, entre las 17 y las 20 hs., se reuni\u00f3 la Mesa de Emergencia Diocesana, siguiendo la modalidad \u00abon line\u00bb.<\/p>\n<p style=\"text-align: justify;\">La misma estuvo presidida por el Obispo Diocesano, Mons. Mac\u00edn, y cont\u00f3 con representantes de C\u00e1ritas, Pastoral Social y Justicia y Paz.<\/p>\n<p style=\"text-align: justify;\">En la misma se repasaron los objetivos y las actividades llevadas a cabo en estas semanas, y se convers\u00f3 sobre algunas iniciativas a implementar en el futuro pr\u00f3ximo. Pronto se dar\u00e1n a conocer m\u00e1s detalles al respecto.<\/p>\n","protected":false},"excerpt":{"rendered":"<div class=\"mh-excerpt\"><p>El viernes 17, en horas de la tarde, entre las 17 y las 20 hs., se reuni\u00f3 la Mesa de Emergencia Diocesana, siguiendo la modalidad <a class=\"mh-excerpt-more\" href=\"https:\/\/www.obispadorqta.org.ar\/v3\/reunion-mesa-de-emergencia-diocesana\/\" title=\"REUNI\u00d3N MESA DE EMERGENCIA DIOCESANA\">[&#8230;]<\/a><\/p>\n<\/div>","protected":false},"author":2,"featured_media":5175,"comment_status":"closed","ping_status":"open","sticky":false,"template":"","format":"standard","meta":{"footnotes":""},"categories":[6,28],"tags":[],"class_list":["post-5171","post","type-post","status-publish","format-standard","has-post-thumbnail","hentry","category-news","category-latest-news"],"_links":{"self":[{"href":"https:\/\/www.obispadorqta.org.ar\/v3\/wp-json\/wp\/v2\/posts\/5171","targetHints":{"allow":["GET"]}}],"collection":[{"href":"https:\/\/www.obispadorqta.org.ar\/v3\/wp-json\/wp\/v2\/posts"}],"about":[{"href":"https:\/\/www.obispadorqta.org.ar\/v3\/wp-json\/wp\/v2\/types\/post"}],"author":[{"embeddable":true,"href":"https:\/\/www.obispadorqta.org.ar\/v3\/wp-json\/wp\/v2\/users\/2"}],"replies":[{"embeddable":true,"href":"https:\/\/www.obispadorqta.org.ar\/v3\/wp-json\/wp\/v2\/comments?post=5171"}],"version-history":[{"count":1,"href":"https:\/\/www.obispadorqta.org.ar\/v3\/wp-json\/wp\/v2\/posts\/5171\/revisions"}],"predecessor-version":[{"id":5173,"href":"https:\/\/www.obispadorqta.org.ar\/v3\/wp-json\/wp\/v2\/posts\/5171\/revisions\/5173"}],"wp:featuredmedia":[{"embeddable":true,"href":"https:\/\/www.obispadorqta.org.ar\/v3\/wp-json\/wp\/v2\/media\/5175"}],"wp:attachment":[{"href":"https:\/\/www.obispadorqta.org.ar\/v3\/wp-json\/wp\/v2\/media?parent=5171"}],"wp:term":[{"taxonomy":"category","embeddable":true,"href":"https:\/\/www.obispadorqta.org.ar\/v3\/wp-json\/wp\/v2\/categories?post=5171"},{"taxonomy":"post_tag","embeddable":true,"href":"https:\/\/www.obispadorqta.org.ar\/v3\/wp-json\/wp\/v2\/tags?post=5171"}],"curies":[{"name":"wp","href":"https:\/\/api.w.org\/{rel}","templated":true}]}}