{"id":5176,"date":"2020-04-18T13:52:39","date_gmt":"2020-04-18T16:52:39","guid":{"rendered":"http:\/\/www.obispadorqta.org.ar\/v3\/?p=5176"},"modified":"2020-04-18T13:53:00","modified_gmt":"2020-04-18T16:53:00","slug":"semana-de-los-pueblos-originarios-2","status":"publish","type":"post","link":"https:\/\/www.obispadorqta.org.ar\/v3\/semana-de-los-pueblos-originarios-2\/","title":{"rendered":"SEMANA DE LOS PUEBLOS ORIGINARIOS"},"content":{"rendered":"<p style=\"text-align: justify;\">Desde el 19 al 25 de Abril, y bajo el lema \u00absomos vida en el territorio\u00bb, se celebra la Semana de los los Pueblos Originarios, un evento que tiene su punto de partida en M\u00e9xico, cuando el 19 de Abril de 1940, se realiz\u00f3 el Primer Congreso Panamericano Ind\u00edgena. Tomando como referencia esta fecha, ya hace bastante que desde ENDEPA se extendi\u00f3 a una semana la iniciativa, para ayudar a una mayor y m\u00e1s profunda visibilizaci\u00f3n de la realidad aborigen.<\/p>\n<p style=\"text-align: justify;\">\nA continuaci\u00f3n, ofrecemos una carta de la Comisi\u00f3n Episcopal de Pastoral Aborigen, presidida por nuestro Obispo Diocesano, Mons. \u00c1ngel Jos\u00e9 Mac\u00edn, a prop\u00f3sito de la celebraci\u00f3n de este a\u00f1o.<\/p>\n<p>Estimados hermanos y hermanas:<\/p>\n<p style=\"text-align: justify;\">Desde la Comisi\u00f3n de Pastoral Aborigen de la Conferencia Episcopal Argentina, en este contexto de pandemia mundial, que lamentablemente tambi\u00e9n afecta a nuestro pa\u00eds, quisi\u00e9ramos recordar que en pocos d\u00edas celebramos la Semana de los Pueblos Ind\u00edgenas, que tuvo su inspiraci\u00f3n en el Primer Congreso Indigenista Panamericano, realizado por primera vez en M\u00e9xico, el 19 de Abril de 1940. Considerando la necesidad de visibilizar m\u00e1s esta realidad, y en solidaridad con los Pueblos Originarios, ENDEPA decidi\u00f3 extender la celebraci\u00f3n durante una semana. Este a\u00f1o se har\u00e1 desde el 19 al 25 de Abril, y tendr\u00e1 como lema \u201csomos vida en el territorio\u201d.<\/p>\n<p style=\"text-align: justify;\">Aunque en esta situaci\u00f3n de emergencia puedan visualizarse distintas prioridades, todas atendibles, no ser\u00eda razonable y justo perder de vista a nuestros hermanos y hermanas de los Pueblos Originarios, ya que para muchas de sus comunidades, esto los golpea de un modo particular y se constituye en un eslab\u00f3n m\u00e1s de dolor y sufrimiento, en medio de tantas postergaciones y olvidos. No podemos olvidar, por ejemplo, la situaci\u00f3n de nuestros hermanos Wichi, de la zona del Chaco Salte\u00f1o, donde la falta de agua (esencial para combatir el COVID \u2013 19) es una grave emergencia cr\u00f3nica, de la cual todos somos responsables. A pesar de la atenci\u00f3n de tantas urgencias, no tenemos que abandonar el compromiso por resolver este y otros flagelos.<\/p>\n<p style=\"text-align: justify;\">Por otra parte, el valor del territorio vinculado a la vida lo estamos redescubriendo en este tiempo, en el cual tenemos que quedarnos en nuestras casas. Para algunos, esto implica un redescubrimiento de la pertenencia a un lugar, al espacio que ocupamos, y deviene una experiencia a la saga positiva. Para otros, lamentablemente, se transforma en un problema por el hacinamiento y la falta de infraestructura b\u00e1sica para la vida cotidiana.<\/p>\n<p style=\"text-align: justify;\">En este sentido, la expresi\u00f3n \u201csomos vida en el territorio\u201d y, sobre todo, el testimonio de nuestros hermanos ind\u00edgenas, que como dice el Papa Francisco \u201ctienen mucho para ense\u00f1ar a la humanidad\u201d (Francisco, Discurso en San Cristobal), nos interpela prof\u00e9ticamente acerca del cuidado de la casa com\u00fan, y del espacio que cada persona y cada comunidad necesitan para desarrollar con serenidad su vida y su cultura. El Santo Padre insiste en el tema, diciendo: \u201c\u2026los pueblos ind\u00edgenas amaz\u00f3nicos expresan la aut\u00e9ntica calidad de vida como un \u201cbuen vivir\u201d que implica una armon\u00eda personal, familiar, comunitaria y c\u00f3smica, y que se expresa en su modo comunitario de pensar la existencia, en la capacidad de encontrar gozo y plenitud en medio de una vida austera y sencilla, as\u00ed como en el cuidado responsable de la naturaleza que preserva los recursos para las siguientes generaciones. Los pueblos abor\u00edgenes podr\u00edan ayudarnos a percibir lo que es una feliz sobriedad y en este sentido \u00abtienen mucho que ense\u00f1arnos\u00bb\u201d (QA 71). Siguiendo esta visi\u00f3n, todos estamos llamados a cuidar \u201cnuestro lugar en el mundo\u201d, y respetar y cuidar el \u201clugar de los dem\u00e1s\u201d.<\/p>\n<p style=\"text-align: justify;\">Agradeciendo a ENDEPA (Equipo Nacional de Pastoral Aborigen), a religiosas y religiosos, consagradas y sacerdotes, a laicas y laicos, a los Equipos Diocesanos de Pastoral Aborigen, y a tanta gente que se preocupa y se ocupa de mantener encendida este llamado a la solidaridad con los Pueblos Originarios, y que comparten la vida con ellos, los saludamos y los alentamos, con la confianza puesta en Aquel que vino para transformar nuestra historia, Cristo Resucitado.<\/p>\n<p><sub><strong>Comisi\u00f3n Episcopal de Pastoral Aborigen:<\/strong><\/sub><\/p>\n<p><sub><strong>+ Mons. Juan Jos\u00e9 Chaparro<\/strong><\/sub><\/p>\n<p><sub><strong>\u00a0 \u00a0 \u00a0Obispo de Bariloche<\/strong><\/sub><\/p>\n<p><sub><strong>+ Mons. Luis Scozzina<\/strong><\/sub><\/p>\n<p><sub><strong>\u00a0 \u00a0 Obispo de Or\u00e1n<\/strong><\/sub><\/p>\n<p><sub><strong>+ Mons. \u00c1ngel Jos\u00e9 Mac\u00edn<\/strong><\/sub><\/p>\n<p><sub><strong>\u00a0 Obispo de Reconquista<\/strong><\/sub><\/p>\n","protected":false},"excerpt":{"rendered":"<div class=\"mh-excerpt\"><p>Desde el 19 al 25 de Abril, y bajo el lema \u00absomos vida en el territorio\u00bb, se celebra la Semana de los los Pueblos Originarios, <a class=\"mh-excerpt-more\" href=\"https:\/\/www.obispadorqta.org.ar\/v3\/semana-de-los-pueblos-originarios-2\/\" title=\"SEMANA DE LOS PUEBLOS ORIGINARIOS\">[&#8230;]<\/a><\/p>\n<\/div>","protected":false},"author":2,"featured_media":2934,"comment_status":"closed","ping_status":"open","sticky":false,"template":"","format":"standard","meta":{"footnotes":""},"categories":[6,28],"tags":[],"class_list":["post-5176","post","type-post","status-publish","format-standard","has-post-thumbnail","hentry","category-news","category-latest-news"],"_links":{"self":[{"href":"https:\/\/www.obispadorqta.org.ar\/v3\/wp-json\/wp\/v2\/posts\/5176","targetHints":{"allow":["GET"]}}],"collection":[{"href":"https:\/\/www.obispadorqta.org.ar\/v3\/wp-json\/wp\/v2\/posts"}],"about":[{"href":"https:\/\/www.obispadorqta.org.ar\/v3\/wp-json\/wp\/v2\/types\/post"}],"author":[{"embeddable":true,"href":"https:\/\/www.obispadorqta.org.ar\/v3\/wp-json\/wp\/v2\/users\/2"}],"replies":[{"embeddable":true,"href":"https:\/\/www.obispadorqta.org.ar\/v3\/wp-json\/wp\/v2\/comments?post=5176"}],"version-history":[{"count":2,"href":"https:\/\/www.obispadorqta.org.ar\/v3\/wp-json\/wp\/v2\/posts\/5176\/revisions"}],"predecessor-version":[{"id":5178,"href":"https:\/\/www.obispadorqta.org.ar\/v3\/wp-json\/wp\/v2\/posts\/5176\/revisions\/5178"}],"wp:featuredmedia":[{"embeddable":true,"href":"https:\/\/www.obispadorqta.org.ar\/v3\/wp-json\/wp\/v2\/media\/2934"}],"wp:attachment":[{"href":"https:\/\/www.obispadorqta.org.ar\/v3\/wp-json\/wp\/v2\/media?parent=5176"}],"wp:term":[{"taxonomy":"category","embeddable":true,"href":"https:\/\/www.obispadorqta.org.ar\/v3\/wp-json\/wp\/v2\/categories?post=5176"},{"taxonomy":"post_tag","embeddable":true,"href":"https:\/\/www.obispadorqta.org.ar\/v3\/wp-json\/wp\/v2\/tags?post=5176"}],"curies":[{"name":"wp","href":"https:\/\/api.w.org\/{rel}","templated":true}]}}