{"id":5189,"date":"2020-04-20T11:39:28","date_gmt":"2020-04-20T14:39:28","guid":{"rendered":"http:\/\/www.obispadorqta.org.ar\/v3\/?p=5189"},"modified":"2023-08-22T11:53:53","modified_gmt":"2023-08-22T14:53:53","slug":"fiesta-de-la-virgen-del-valle","status":"publish","type":"post","link":"https:\/\/www.obispadorqta.org.ar\/v3\/fiesta-de-la-virgen-del-valle\/","title":{"rendered":"FIESTA DE LA VIRGEN DEL VALLE"},"content":{"rendered":"<p style=\"text-align: justify;\">El pr\u00f3ximo Domingo 26, se celebrar\u00e1 la fiesta en conmemoraci\u00f3n a la coronaci\u00f3n pontificia de la Virgen del Valle, en Catamarca. Estaba programado que este fuera uno de los eventos sobresalientes del A\u00f1o Mariano Nacional. La realidad es hoy diferente. De todas maneras, queremos consagrar nuestra vida y nuestra Patria a Mar\u00eda, y tambi\u00e9n nuestro camino como Iglesia. Ofrecemos un material para preparar la celebraci\u00f3n del pr\u00f3ximo domingo, que ser\u00e1 on line, y se extender\u00e1 de todos modos a todo el pa\u00eds.<\/p>\n<p>Diac. Jorge Gallard<br>Equipo para A\u00f1o Mariano Nacional<\/p>\n\n\n<div class=\"wp-block-file\"><a href=\"https:\/\/www.obispadorqta.org.ar\/v3\/wp-content\/uploads\/2020\/04\/HONOR-DE-NTRA-SRA-DEL-VALLE-FINAL.pdf\">Material Congreso Mariano<\/a><a href=\"https:\/\/www.obispadorqta.org.ar\/v3\/wp-content\/uploads\/2020\/04\/HONOR-DE-NTRA-SRA-DEL-VALLE-FINAL.pdf\" class=\"wp-block-file__button\" download>Descarga<\/a><\/div>\n\n\n\n<p><\/p>\n","protected":false},"excerpt":{"rendered":"<div class=\"mh-excerpt\"><p>El pr\u00f3ximo Domingo 26, se celebrar\u00e1 la fiesta en conmemoraci\u00f3n a la coronaci\u00f3n pontificia de la Virgen del Valle, en Catamarca. Estaba programado que este <a class=\"mh-excerpt-more\" href=\"https:\/\/www.obispadorqta.org.ar\/v3\/fiesta-de-la-virgen-del-valle\/\" title=\"FIESTA DE LA VIRGEN DEL VALLE\">[&#8230;]<\/a><\/p>\n<\/div>","protected":false},"author":3,"featured_media":5197,"comment_status":"closed","ping_status":"open","sticky":false,"template":"","format":"standard","meta":{"footnotes":""},"categories":[6,1,28],"tags":[],"class_list":["post-5189","post","type-post","status-publish","format-standard","has-post-thumbnail","hentry","category-news","category-sin-categoria","category-latest-news"],"_links":{"self":[{"href":"https:\/\/www.obispadorqta.org.ar\/v3\/wp-json\/wp\/v2\/posts\/5189","targetHints":{"allow":["GET"]}}],"collection":[{"href":"https:\/\/www.obispadorqta.org.ar\/v3\/wp-json\/wp\/v2\/posts"}],"about":[{"href":"https:\/\/www.obispadorqta.org.ar\/v3\/wp-json\/wp\/v2\/types\/post"}],"author":[{"embeddable":true,"href":"https:\/\/www.obispadorqta.org.ar\/v3\/wp-json\/wp\/v2\/users\/3"}],"replies":[{"embeddable":true,"href":"https:\/\/www.obispadorqta.org.ar\/v3\/wp-json\/wp\/v2\/comments?post=5189"}],"version-history":[{"count":3,"href":"https:\/\/www.obispadorqta.org.ar\/v3\/wp-json\/wp\/v2\/posts\/5189\/revisions"}],"predecessor-version":[{"id":5196,"href":"https:\/\/www.obispadorqta.org.ar\/v3\/wp-json\/wp\/v2\/posts\/5189\/revisions\/5196"}],"wp:featuredmedia":[{"embeddable":true,"href":"https:\/\/www.obispadorqta.org.ar\/v3\/wp-json\/wp\/v2\/media\/5197"}],"wp:attachment":[{"href":"https:\/\/www.obispadorqta.org.ar\/v3\/wp-json\/wp\/v2\/media?parent=5189"}],"wp:term":[{"taxonomy":"category","embeddable":true,"href":"https:\/\/www.obispadorqta.org.ar\/v3\/wp-json\/wp\/v2\/categories?post=5189"},{"taxonomy":"post_tag","embeddable":true,"href":"https:\/\/www.obispadorqta.org.ar\/v3\/wp-json\/wp\/v2\/tags?post=5189"}],"curies":[{"name":"wp","href":"https:\/\/api.w.org\/{rel}","templated":true}]}}