{"id":5200,"date":"2020-04-22T10:20:11","date_gmt":"2020-04-22T13:20:11","guid":{"rendered":"http:\/\/www.obispadorqta.org.ar\/v3\/?p=5200"},"modified":"2020-04-22T10:20:20","modified_gmt":"2020-04-22T13:20:20","slug":"seguimos-recordando-la-semana-de-los-pueblos-indigenas","status":"publish","type":"post","link":"https:\/\/www.obispadorqta.org.ar\/v3\/seguimos-recordando-la-semana-de-los-pueblos-indigenas\/","title":{"rendered":"Seguimos recordando la semana de los Pueblos Ind\u00edgenas"},"content":{"rendered":"<p style=\"text-align: justify;\">En la siguiente imagen podemos ver la presencia de la Educaci\u00f3n Intercultural Biling\u00fce en nuestra Di\u00f3cesis de Reconquista.<\/p>\n\n\n<figure class=\"wp-block-image size-large\"><img loading=\"lazy\" decoding=\"async\" width=\"725\" height=\"1024\" src=\"https:\/\/www.obispadorqta.org.ar\/v3\/wp-content\/uploads\/2020\/04\/IMG-20200422-WA0001-725x1024.jpg\" alt=\"\" class=\"wp-image-5201\" srcset=\"https:\/\/www.obispadorqta.org.ar\/v3\/wp-content\/uploads\/2020\/04\/IMG-20200422-WA0001-725x1024.jpg 725w, https:\/\/www.obispadorqta.org.ar\/v3\/wp-content\/uploads\/2020\/04\/IMG-20200422-WA0001-212x300.jpg 212w, https:\/\/www.obispadorqta.org.ar\/v3\/wp-content\/uploads\/2020\/04\/IMG-20200422-WA0001-768x1085.jpg 768w, https:\/\/www.obispadorqta.org.ar\/v3\/wp-content\/uploads\/2020\/04\/IMG-20200422-WA0001.jpg 906w\" sizes=\"auto, (max-width: 725px) 100vw, 725px\" \/><\/figure>\n","protected":false},"excerpt":{"rendered":"<div class=\"mh-excerpt\"><p>En la siguiente imagen podemos ver la presencia de la Educaci\u00f3n Intercultural Biling\u00fce en nuestra Di\u00f3cesis de Reconquista.<\/p>\n<\/div>","protected":false},"author":2,"featured_media":5146,"comment_status":"closed","ping_status":"open","sticky":false,"template":"","format":"standard","meta":{"footnotes":""},"categories":[6,28],"tags":[],"class_list":["post-5200","post","type-post","status-publish","format-standard","has-post-thumbnail","hentry","category-news","category-latest-news"],"_links":{"self":[{"href":"https:\/\/www.obispadorqta.org.ar\/v3\/wp-json\/wp\/v2\/posts\/5200","targetHints":{"allow":["GET"]}}],"collection":[{"href":"https:\/\/www.obispadorqta.org.ar\/v3\/wp-json\/wp\/v2\/posts"}],"about":[{"href":"https:\/\/www.obispadorqta.org.ar\/v3\/wp-json\/wp\/v2\/types\/post"}],"author":[{"embeddable":true,"href":"https:\/\/www.obispadorqta.org.ar\/v3\/wp-json\/wp\/v2\/users\/2"}],"replies":[{"embeddable":true,"href":"https:\/\/www.obispadorqta.org.ar\/v3\/wp-json\/wp\/v2\/comments?post=5200"}],"version-history":[{"count":1,"href":"https:\/\/www.obispadorqta.org.ar\/v3\/wp-json\/wp\/v2\/posts\/5200\/revisions"}],"predecessor-version":[{"id":5202,"href":"https:\/\/www.obispadorqta.org.ar\/v3\/wp-json\/wp\/v2\/posts\/5200\/revisions\/5202"}],"wp:featuredmedia":[{"embeddable":true,"href":"https:\/\/www.obispadorqta.org.ar\/v3\/wp-json\/wp\/v2\/media\/5146"}],"wp:attachment":[{"href":"https:\/\/www.obispadorqta.org.ar\/v3\/wp-json\/wp\/v2\/media?parent=5200"}],"wp:term":[{"taxonomy":"category","embeddable":true,"href":"https:\/\/www.obispadorqta.org.ar\/v3\/wp-json\/wp\/v2\/categories?post=5200"},{"taxonomy":"post_tag","embeddable":true,"href":"https:\/\/www.obispadorqta.org.ar\/v3\/wp-json\/wp\/v2\/tags?post=5200"}],"curies":[{"name":"wp","href":"https:\/\/api.w.org\/{rel}","templated":true}]}}