{"id":5203,"date":"2020-04-23T10:15:25","date_gmt":"2020-04-23T13:15:25","guid":{"rendered":"http:\/\/www.obispadorqta.org.ar\/v3\/?p=5203"},"modified":"2020-04-23T10:20:24","modified_gmt":"2020-04-23T13:20:24","slug":"educacion-bilingue-en-la-diocesis","status":"publish","type":"post","link":"https:\/\/www.obispadorqta.org.ar\/v3\/educacion-bilingue-en-la-diocesis\/","title":{"rendered":"Educaci\u00f3n Intercultural Biling\u00fce en la Di\u00f3cesis"},"content":{"rendered":"<p style=\"text-align: justify;\">Como parte de la \u00abSemana de los Pueblos Abor\u00edgenes\u00bb, seguimos compartiendo informaci\u00f3n sobre las distintas iniciativas y actividades concretas con las que se trabaja en la Di\u00f3cesis de Reconquista, en este caso, relacionado a la Educaci\u00f3n Intercultural Biling\u00fce.<\/p>\n\n\n<figure class=\"wp-block-image size-large\"><img loading=\"lazy\" decoding=\"async\" width=\"725\" height=\"1024\" src=\"https:\/\/www.obispadorqta.org.ar\/v3\/wp-content\/uploads\/2020\/04\/IMG-20200423-WA0000-725x1024.jpg\" alt=\"\" class=\"wp-image-5204\" srcset=\"https:\/\/www.obispadorqta.org.ar\/v3\/wp-content\/uploads\/2020\/04\/IMG-20200423-WA0000-725x1024.jpg 725w, https:\/\/www.obispadorqta.org.ar\/v3\/wp-content\/uploads\/2020\/04\/IMG-20200423-WA0000-212x300.jpg 212w, https:\/\/www.obispadorqta.org.ar\/v3\/wp-content\/uploads\/2020\/04\/IMG-20200423-WA0000-768x1085.jpg 768w, https:\/\/www.obispadorqta.org.ar\/v3\/wp-content\/uploads\/2020\/04\/IMG-20200423-WA0000.jpg 906w\" sizes=\"auto, (max-width: 725px) 100vw, 725px\" \/><\/figure>\n","protected":false},"excerpt":{"rendered":"<div class=\"mh-excerpt\"><p>Como parte de la \u00abSemana de los Pueblos Abor\u00edgenes\u00bb, seguimos compartiendo informaci\u00f3n sobre las distintas iniciativas y actividades concretas con las que se trabaja en <a class=\"mh-excerpt-more\" href=\"https:\/\/www.obispadorqta.org.ar\/v3\/educacion-bilingue-en-la-diocesis\/\" title=\"Educaci\u00f3n Intercultural Biling\u00fce en la Di\u00f3cesis\">[&#8230;]<\/a><\/p>\n<\/div>","protected":false},"author":2,"featured_media":5146,"comment_status":"closed","ping_status":"open","sticky":false,"template":"","format":"standard","meta":{"footnotes":""},"categories":[6,28],"tags":[],"class_list":["post-5203","post","type-post","status-publish","format-standard","has-post-thumbnail","hentry","category-news","category-latest-news"],"_links":{"self":[{"href":"https:\/\/www.obispadorqta.org.ar\/v3\/wp-json\/wp\/v2\/posts\/5203","targetHints":{"allow":["GET"]}}],"collection":[{"href":"https:\/\/www.obispadorqta.org.ar\/v3\/wp-json\/wp\/v2\/posts"}],"about":[{"href":"https:\/\/www.obispadorqta.org.ar\/v3\/wp-json\/wp\/v2\/types\/post"}],"author":[{"embeddable":true,"href":"https:\/\/www.obispadorqta.org.ar\/v3\/wp-json\/wp\/v2\/users\/2"}],"replies":[{"embeddable":true,"href":"https:\/\/www.obispadorqta.org.ar\/v3\/wp-json\/wp\/v2\/comments?post=5203"}],"version-history":[{"count":2,"href":"https:\/\/www.obispadorqta.org.ar\/v3\/wp-json\/wp\/v2\/posts\/5203\/revisions"}],"predecessor-version":[{"id":5206,"href":"https:\/\/www.obispadorqta.org.ar\/v3\/wp-json\/wp\/v2\/posts\/5203\/revisions\/5206"}],"wp:featuredmedia":[{"embeddable":true,"href":"https:\/\/www.obispadorqta.org.ar\/v3\/wp-json\/wp\/v2\/media\/5146"}],"wp:attachment":[{"href":"https:\/\/www.obispadorqta.org.ar\/v3\/wp-json\/wp\/v2\/media?parent=5203"}],"wp:term":[{"taxonomy":"category","embeddable":true,"href":"https:\/\/www.obispadorqta.org.ar\/v3\/wp-json\/wp\/v2\/categories?post=5203"},{"taxonomy":"post_tag","embeddable":true,"href":"https:\/\/www.obispadorqta.org.ar\/v3\/wp-json\/wp\/v2\/tags?post=5203"}],"curies":[{"name":"wp","href":"https:\/\/api.w.org\/{rel}","templated":true}]}}