{"id":5207,"date":"2020-04-23T11:34:26","date_gmt":"2020-04-23T14:34:26","guid":{"rendered":"http:\/\/www.obispadorqta.org.ar\/v3\/?p=5207"},"modified":"2020-04-23T11:34:38","modified_gmt":"2020-04-23T14:34:38","slug":"virgen-del-valle","status":"publish","type":"post","link":"https:\/\/www.obispadorqta.org.ar\/v3\/virgen-del-valle\/","title":{"rendered":"VIRGEN DEL VALLE"},"content":{"rendered":"<div dir=\"ltr\">\n<div style=\"text-align: justify;\">El s\u00e1bado 25 de abril, a las 19 hs., desde la capilla del Centro Vocacional San Pedro y San Pablo, Parroquia Mar\u00eda Madre, se transmitir\u00e1 la Santa Misa en honor a la Virgen del Valle, presidida por el Obispo Diocesano, Mons. \u00c1ngel Jos\u00e9 Mac\u00edn.<\/div>\n<div style=\"text-align: justify;\">\u00a0<\/div>\n<div style=\"text-align: justify;\">En la misma se consagrar\u00e1 la Di\u00f3cesis de Reconquista a su protecci\u00f3n maternal, y se pedir\u00e1 especialmente por el cese de la Pandemia provocada por el COVID &#8211; 19.<\/div>\n<div style=\"text-align: justify;\">\u00a0<\/div>\n<div style=\"text-align: justify;\">Recordamos que en esta fecha se estar\u00eda llevando a cabo el Congreso Mariano Nacional. Adem\u00e1s, aclaramos que para celebrar la Misa Vespertina\u00a0en honor a Mar\u00eda, se cuenta con la autorizaci\u00f3n de la Congregaci\u00f3n para el Culto Divino y los Sacramentos: \u00ab<i>Respecto a las misas vespertinas del s\u00e1bado 25 de abril, ya III Domingo de Pascua,la Congregaci\u00f3n concede un indulto para celebrar tambi\u00e9n una misa de esta memoria en cada iglesia, tanto en la di\u00f3cesis de Catamarca como en toda la Argentina<\/i>\u00bb (Circ. CEA 41\/2020).<\/div>\n<\/div>\n<div>\u00a0<\/div>\n<div>La celebraci\u00f3n ser\u00e1 transmitida a trav\u00e9s del Facebook de la Parroquia \u00abMar\u00eda Madre de Dios\u00bb, como asimismo por Radio Amanecer.<\/div>\n<div dir=\"ltr\">\n<div style=\"text-align: justify;\">\u00a0<\/div>\n<div style=\"text-align: justify;\">El link para seguir la celebraci\u00f3n es el siguiente:<\/div>\n<\/div>\n<p><a href=\"https:\/\/www.facebook.com\/parroquia.madrededios.3\/\">https:\/\/www.facebook.com\/parroquia.madrededios.3\/<\/a><\/p>\n","protected":false},"excerpt":{"rendered":"<div class=\"mh-excerpt\"><p>El s\u00e1bado 25 de abril, a las 19 hs., desde la capilla del Centro Vocacional San Pedro y San Pablo, Parroquia Mar\u00eda Madre, se transmitir\u00e1 <a class=\"mh-excerpt-more\" href=\"https:\/\/www.obispadorqta.org.ar\/v3\/virgen-del-valle\/\" title=\"VIRGEN DEL VALLE\">[&#8230;]<\/a><\/p>\n<\/div>","protected":false},"author":2,"featured_media":5209,"comment_status":"closed","ping_status":"open","sticky":false,"template":"","format":"standard","meta":{"footnotes":""},"categories":[6,28],"tags":[],"class_list":["post-5207","post","type-post","status-publish","format-standard","has-post-thumbnail","hentry","category-news","category-latest-news"],"_links":{"self":[{"href":"https:\/\/www.obispadorqta.org.ar\/v3\/wp-json\/wp\/v2\/posts\/5207","targetHints":{"allow":["GET"]}}],"collection":[{"href":"https:\/\/www.obispadorqta.org.ar\/v3\/wp-json\/wp\/v2\/posts"}],"about":[{"href":"https:\/\/www.obispadorqta.org.ar\/v3\/wp-json\/wp\/v2\/types\/post"}],"author":[{"embeddable":true,"href":"https:\/\/www.obispadorqta.org.ar\/v3\/wp-json\/wp\/v2\/users\/2"}],"replies":[{"embeddable":true,"href":"https:\/\/www.obispadorqta.org.ar\/v3\/wp-json\/wp\/v2\/comments?post=5207"}],"version-history":[{"count":1,"href":"https:\/\/www.obispadorqta.org.ar\/v3\/wp-json\/wp\/v2\/posts\/5207\/revisions"}],"predecessor-version":[{"id":5208,"href":"https:\/\/www.obispadorqta.org.ar\/v3\/wp-json\/wp\/v2\/posts\/5207\/revisions\/5208"}],"wp:featuredmedia":[{"embeddable":true,"href":"https:\/\/www.obispadorqta.org.ar\/v3\/wp-json\/wp\/v2\/media\/5209"}],"wp:attachment":[{"href":"https:\/\/www.obispadorqta.org.ar\/v3\/wp-json\/wp\/v2\/media?parent=5207"}],"wp:term":[{"taxonomy":"category","embeddable":true,"href":"https:\/\/www.obispadorqta.org.ar\/v3\/wp-json\/wp\/v2\/categories?post=5207"},{"taxonomy":"post_tag","embeddable":true,"href":"https:\/\/www.obispadorqta.org.ar\/v3\/wp-json\/wp\/v2\/tags?post=5207"}],"curies":[{"name":"wp","href":"https:\/\/api.w.org\/{rel}","templated":true}]}}