{"id":5222,"date":"2020-04-27T11:24:14","date_gmt":"2020-04-27T14:24:14","guid":{"rendered":"http:\/\/www.obispadorqta.org.ar\/v3\/?p=5222"},"modified":"2020-04-27T11:24:31","modified_gmt":"2020-04-27T14:24:31","slug":"semana-vocacional","status":"publish","type":"post","link":"https:\/\/www.obispadorqta.org.ar\/v3\/semana-vocacional\/","title":{"rendered":"SEMANA VOCACIONAL"},"content":{"rendered":"<div dir=\"ltr\">\n<div style=\"text-align: justify;\">Hace casi tres a\u00f1os, hemos comenzado en la Di\u00f3cesis de Reconquista un trienio vocacional, resaltando especialmente este tema en la semana previa al cuarto Domingo de Pascua, conocido como Domingo del Buen Pastor.<\/div>\n<div style=\"text-align: justify;\">\u00a0<\/div>\n<div style=\"text-align: justify;\">El itinerario que se est\u00e1 recorriendo est\u00e1 inspirando en un mensaje del Papa por la Jornada Mundial de Oraci\u00f3n por las vocaciones, donde enfatiza tres verbos claves en todo proceso vocacional: <b>escuchar, discernir y vivir<\/b>.<\/div>\n<div style=\"text-align: justify;\">\u00a0<\/div>\n<div style=\"text-align: justify;\">Ya hacia el final de este programa, en el presente a\u00f1o, y con caracter\u00edsticas diferentes por las circunstancias actuales, vamos a vivir la Semana Vocacional, insistiendo especialmente en la <b>vivencia y el testimonio vocacional<\/b>.<\/div>\n<div style=\"text-align: justify;\">\u00a0<\/div>\n<div style=\"text-align: justify;\">Aqu\u00ed el programa general del Domingo del Buen Pastor, d\u00eda en que celebramos la Jornada Mundial de Oraci\u00f3n por las Vocaciones. Las dem\u00e1s informaciones se ir\u00e1n ofreciendo diariamente por las redes y otros medios.<\/div>\n<\/div>\n\n\n<figure class=\"wp-block-image size-large\"><img loading=\"lazy\" decoding=\"async\" width=\"679\" height=\"960\" src=\"https:\/\/www.obispadorqta.org.ar\/v3\/wp-content\/uploads\/2020\/04\/95143672_876148222900888_2197998347506155520_o.jpg\" alt=\"\" class=\"wp-image-5223\" srcset=\"https:\/\/www.obispadorqta.org.ar\/v3\/wp-content\/uploads\/2020\/04\/95143672_876148222900888_2197998347506155520_o.jpg 679w, https:\/\/www.obispadorqta.org.ar\/v3\/wp-content\/uploads\/2020\/04\/95143672_876148222900888_2197998347506155520_o-212x300.jpg 212w\" sizes=\"auto, (max-width: 679px) 100vw, 679px\" \/><\/figure>\n","protected":false},"excerpt":{"rendered":"<div class=\"mh-excerpt\"><p>Hace casi tres a\u00f1os, hemos comenzado en la Di\u00f3cesis de Reconquista un trienio vocacional, resaltando especialmente este tema en la semana previa al cuarto Domingo <a class=\"mh-excerpt-more\" href=\"https:\/\/www.obispadorqta.org.ar\/v3\/semana-vocacional\/\" title=\"SEMANA VOCACIONAL\">[&#8230;]<\/a><\/p>\n<\/div>","protected":false},"author":2,"featured_media":5225,"comment_status":"closed","ping_status":"open","sticky":false,"template":"","format":"standard","meta":{"footnotes":""},"categories":[6,28],"tags":[],"class_list":["post-5222","post","type-post","status-publish","format-standard","has-post-thumbnail","hentry","category-news","category-latest-news"],"_links":{"self":[{"href":"https:\/\/www.obispadorqta.org.ar\/v3\/wp-json\/wp\/v2\/posts\/5222","targetHints":{"allow":["GET"]}}],"collection":[{"href":"https:\/\/www.obispadorqta.org.ar\/v3\/wp-json\/wp\/v2\/posts"}],"about":[{"href":"https:\/\/www.obispadorqta.org.ar\/v3\/wp-json\/wp\/v2\/types\/post"}],"author":[{"embeddable":true,"href":"https:\/\/www.obispadorqta.org.ar\/v3\/wp-json\/wp\/v2\/users\/2"}],"replies":[{"embeddable":true,"href":"https:\/\/www.obispadorqta.org.ar\/v3\/wp-json\/wp\/v2\/comments?post=5222"}],"version-history":[{"count":1,"href":"https:\/\/www.obispadorqta.org.ar\/v3\/wp-json\/wp\/v2\/posts\/5222\/revisions"}],"predecessor-version":[{"id":5224,"href":"https:\/\/www.obispadorqta.org.ar\/v3\/wp-json\/wp\/v2\/posts\/5222\/revisions\/5224"}],"wp:featuredmedia":[{"embeddable":true,"href":"https:\/\/www.obispadorqta.org.ar\/v3\/wp-json\/wp\/v2\/media\/5225"}],"wp:attachment":[{"href":"https:\/\/www.obispadorqta.org.ar\/v3\/wp-json\/wp\/v2\/media?parent=5222"}],"wp:term":[{"taxonomy":"category","embeddable":true,"href":"https:\/\/www.obispadorqta.org.ar\/v3\/wp-json\/wp\/v2\/categories?post=5222"},{"taxonomy":"post_tag","embeddable":true,"href":"https:\/\/www.obispadorqta.org.ar\/v3\/wp-json\/wp\/v2\/tags?post=5222"}],"curies":[{"name":"wp","href":"https:\/\/api.w.org\/{rel}","templated":true}]}}