{"id":5232,"date":"2020-05-04T12:12:19","date_gmt":"2020-05-04T15:12:19","guid":{"rendered":"http:\/\/www.obispadorqta.org.ar\/v3\/?p=5232"},"modified":"2020-05-04T12:12:33","modified_gmt":"2020-05-04T15:12:33","slug":"ministerio-del-lectorado-2","status":"publish","type":"post","link":"https:\/\/www.obispadorqta.org.ar\/v3\/ministerio-del-lectorado-2\/","title":{"rendered":"MINISTERIO DEL LECTORADO"},"content":{"rendered":"<p style=\"text-align: justify;\">Con alegr\u00eda comunicamos que el pr\u00f3ximo domingo 10 de Mayo, a las 18 hs., en el Templo Parroquial de Malabrigo, el Obispo Diocesano, Mons. \u00c1ngel Jos\u00e9 Mac\u00edn, presidir\u00e1 la Eucarist\u00eda en la que ser\u00e1 instituido Lector, en su camino al diaconado permanente, el Sr. Jorge Rosatti.<\/p>\n<p style=\"text-align: justify;\">La celebraci\u00f3n se har\u00e1 seg\u00fan la modalidad propia de este tiempo, es decir, con un m\u00ednimo indispensable de personas, y se podr\u00e1 seguir por las redes sociales y otros medios de comunicaci\u00f3n.<\/p>\n<p style=\"text-align: justify;\">El facebook de la Parroquia de Malabrigo \u00abNuestra Se\u00f1ora del Huerto\u00bb, es el siguiente: \u00a0<a href=\"https:\/\/www.facebook.com\/parroquia.malabrigo.5\">https:\/\/www.facebook.com\/parroquia.malabrigo.5<\/a><\/p>\n<p>Asimismo tambi\u00e9n se transmitir\u00e1 por la se\u00f1al de cable LTV.<\/p>\n<p style=\"text-align: justify;\">Pedimos a la Virgen del Huerto que bendiga a Jorge y a su familia, y lo haga fiel testigo de su Palabra.<\/p>\n","protected":false},"excerpt":{"rendered":"<div class=\"mh-excerpt\"><p>Con alegr\u00eda comunicamos que el pr\u00f3ximo domingo 10 de Mayo, a las 18 hs., en el Templo Parroquial de Malabrigo, el Obispo Diocesano, Mons. \u00c1ngel <a class=\"mh-excerpt-more\" href=\"https:\/\/www.obispadorqta.org.ar\/v3\/ministerio-del-lectorado-2\/\" title=\"MINISTERIO DEL LECTORADO\">[&#8230;]<\/a><\/p>\n<\/div>","protected":false},"author":2,"featured_media":5233,"comment_status":"closed","ping_status":"open","sticky":false,"template":"","format":"standard","meta":{"footnotes":""},"categories":[6,28],"tags":[],"class_list":["post-5232","post","type-post","status-publish","format-standard","has-post-thumbnail","hentry","category-news","category-latest-news"],"_links":{"self":[{"href":"https:\/\/www.obispadorqta.org.ar\/v3\/wp-json\/wp\/v2\/posts\/5232","targetHints":{"allow":["GET"]}}],"collection":[{"href":"https:\/\/www.obispadorqta.org.ar\/v3\/wp-json\/wp\/v2\/posts"}],"about":[{"href":"https:\/\/www.obispadorqta.org.ar\/v3\/wp-json\/wp\/v2\/types\/post"}],"author":[{"embeddable":true,"href":"https:\/\/www.obispadorqta.org.ar\/v3\/wp-json\/wp\/v2\/users\/2"}],"replies":[{"embeddable":true,"href":"https:\/\/www.obispadorqta.org.ar\/v3\/wp-json\/wp\/v2\/comments?post=5232"}],"version-history":[{"count":3,"href":"https:\/\/www.obispadorqta.org.ar\/v3\/wp-json\/wp\/v2\/posts\/5232\/revisions"}],"predecessor-version":[{"id":5236,"href":"https:\/\/www.obispadorqta.org.ar\/v3\/wp-json\/wp\/v2\/posts\/5232\/revisions\/5236"}],"wp:featuredmedia":[{"embeddable":true,"href":"https:\/\/www.obispadorqta.org.ar\/v3\/wp-json\/wp\/v2\/media\/5233"}],"wp:attachment":[{"href":"https:\/\/www.obispadorqta.org.ar\/v3\/wp-json\/wp\/v2\/media?parent=5232"}],"wp:term":[{"taxonomy":"category","embeddable":true,"href":"https:\/\/www.obispadorqta.org.ar\/v3\/wp-json\/wp\/v2\/categories?post=5232"},{"taxonomy":"post_tag","embeddable":true,"href":"https:\/\/www.obispadorqta.org.ar\/v3\/wp-json\/wp\/v2\/tags?post=5232"}],"curies":[{"name":"wp","href":"https:\/\/api.w.org\/{rel}","templated":true}]}}