{"id":5238,"date":"2020-05-07T11:27:13","date_gmt":"2020-05-07T14:27:13","guid":{"rendered":"http:\/\/www.obispadorqta.org.ar\/v3\/?p=5238"},"modified":"2020-05-11T09:45:32","modified_gmt":"2020-05-11T12:45:32","slug":"semana-de-la-laudato-si","status":"publish","type":"post","link":"https:\/\/www.obispadorqta.org.ar\/v3\/semana-de-la-laudato-si\/","title":{"rendered":"SEMANA DE LA LAUDATO SI&#8217;"},"content":{"rendered":"<p style=\"text-align: justify;\">Respondiendo a la invitaci\u00f3n del Papa Francisco, el Dicasterio para la Promoci\u00f3n del Desarrollo Humano Integral, con la colaboraci\u00f3n del Movimiento Mundial por el Clima y muchas otras organizaciones hermanas alrededor del mundo, los convocamos a celebrar la SEMANA LAUDATO SI&#8217;, DEL 16 AL 24 DE MAYO, para conmemorar el quinto aniversario de la Carta Enc\u00edclica, bajo el lema \u00abTodo est\u00e1 conectado\u00bb.<\/p>\n<p><strong>La semana tendr\u00e1 dos momentos:<\/strong><\/p>\n<p style=\"text-align: justify;\">&#8211; Del 16 al 23 de Mayo, formaci\u00f3n y talleres on line.<br>&#8211; 24 de Mayo, gesto de solidaridad al mediod\u00eda de cada lugar del mundo, compartiendo un momento de oraci\u00f3n.<\/p>\n<p style=\"text-align: justify;\">En una pr\u00f3xima entrega, daremos m\u00e1s datos para participar de la formaci\u00f3n y sobre el gesto. Por ahora, sugerimos descargar el texto de la Enc\u00edclica desde aqu\u00ed:<\/p>\n\n\n<div class=\"wp-block-file\"><a href=\"https:\/\/www.obispadorqta.org.ar\/v3\/wp-content\/uploads\/2020\/05\/Laudato-Si\u00b4.pdf\">Laudato-Si\u00b4<\/a><a href=\"https:\/\/www.obispadorqta.org.ar\/v3\/wp-content\/uploads\/2020\/05\/Laudato-Si\u00b4.pdf\" class=\"wp-block-file__button\" download>Descarga<\/a><\/div>\n\n\n\n<p><\/p>\n","protected":false},"excerpt":{"rendered":"<div class=\"mh-excerpt\"><p>Respondiendo a la invitaci\u00f3n del Papa Francisco, el Dicasterio para la Promoci\u00f3n del Desarrollo Humano Integral, con la colaboraci\u00f3n del Movimiento Mundial por el Clima <a class=\"mh-excerpt-more\" href=\"https:\/\/www.obispadorqta.org.ar\/v3\/semana-de-la-laudato-si\/\" title=\"SEMANA DE LA LAUDATO SI&#8217;\">[&#8230;]<\/a><\/p>\n<\/div>","protected":false},"author":3,"featured_media":5254,"comment_status":"open","ping_status":"open","sticky":false,"template":"","format":"standard","meta":{"footnotes":""},"categories":[1],"tags":[],"class_list":["post-5238","post","type-post","status-publish","format-standard","has-post-thumbnail","hentry","category-sin-categoria"],"_links":{"self":[{"href":"https:\/\/www.obispadorqta.org.ar\/v3\/wp-json\/wp\/v2\/posts\/5238","targetHints":{"allow":["GET"]}}],"collection":[{"href":"https:\/\/www.obispadorqta.org.ar\/v3\/wp-json\/wp\/v2\/posts"}],"about":[{"href":"https:\/\/www.obispadorqta.org.ar\/v3\/wp-json\/wp\/v2\/types\/post"}],"author":[{"embeddable":true,"href":"https:\/\/www.obispadorqta.org.ar\/v3\/wp-json\/wp\/v2\/users\/3"}],"replies":[{"embeddable":true,"href":"https:\/\/www.obispadorqta.org.ar\/v3\/wp-json\/wp\/v2\/comments?post=5238"}],"version-history":[{"count":6,"href":"https:\/\/www.obispadorqta.org.ar\/v3\/wp-json\/wp\/v2\/posts\/5238\/revisions"}],"predecessor-version":[{"id":5251,"href":"https:\/\/www.obispadorqta.org.ar\/v3\/wp-json\/wp\/v2\/posts\/5238\/revisions\/5251"}],"wp:featuredmedia":[{"embeddable":true,"href":"https:\/\/www.obispadorqta.org.ar\/v3\/wp-json\/wp\/v2\/media\/5254"}],"wp:attachment":[{"href":"https:\/\/www.obispadorqta.org.ar\/v3\/wp-json\/wp\/v2\/media?parent=5238"}],"wp:term":[{"taxonomy":"category","embeddable":true,"href":"https:\/\/www.obispadorqta.org.ar\/v3\/wp-json\/wp\/v2\/categories?post=5238"},{"taxonomy":"post_tag","embeddable":true,"href":"https:\/\/www.obispadorqta.org.ar\/v3\/wp-json\/wp\/v2\/tags?post=5238"}],"curies":[{"name":"wp","href":"https:\/\/api.w.org\/{rel}","templated":true}]}}