{"id":5278,"date":"2020-05-11T11:26:37","date_gmt":"2020-05-11T14:26:37","guid":{"rendered":"http:\/\/www.obispadorqta.org.ar\/v3\/?p=5278"},"modified":"2020-05-11T11:41:52","modified_gmt":"2020-05-11T14:41:52","slug":"en-tiempos-dificiles-cursillo-sigue-celebrando-sus-50-anos","status":"publish","type":"post","link":"https:\/\/www.obispadorqta.org.ar\/v3\/en-tiempos-dificiles-cursillo-sigue-celebrando-sus-50-anos\/","title":{"rendered":"En tiempos dif\u00edciles, Cursillo sigue celebrando sus 50 a\u00f1os"},"content":{"rendered":"<p style=\"text-align: justify;\">Atendiendo el pedido de la Mesa de Emergencia Diocesana en ocasi\u00f3n de la pandemia producida por el COVID 19, el Movimiento de Cursillo de Cristiandad de la Di\u00f3cesis, siguiendo los festejos de sus 50 a\u00f1os de vida, en un gesto solidario, entrego presentes a trabajadores de distintas instituciones de nuestra di\u00f3cesis que est\u00e1n afectadas a la pandemia que estamos atravesando.<\/p>\n\n\n<figure class=\"wp-block-video\"><video height=\"352\" style=\"aspect-ratio: 640 \/ 352;\" width=\"640\" controls src=\"https:\/\/www.obispadorqta.org.ar\/v3\/wp-content\/uploads\/2020\/05\/VID-20200511-WA0010-1.mp4\"><\/video><\/figure>\n","protected":false},"excerpt":{"rendered":"<div class=\"mh-excerpt\"><p>Atendiendo el pedido de la Mesa de Emergencia Diocesana en ocasi\u00f3n de la pandemia producida por el COVID 19, el Movimiento de Cursillo de Cristiandad <a class=\"mh-excerpt-more\" href=\"https:\/\/www.obispadorqta.org.ar\/v3\/en-tiempos-dificiles-cursillo-sigue-celebrando-sus-50-anos\/\" title=\"En tiempos dif\u00edciles, Cursillo sigue celebrando sus 50 a\u00f1os\">[&#8230;]<\/a><\/p>\n<\/div>","protected":false},"author":3,"featured_media":5287,"comment_status":"open","ping_status":"open","sticky":false,"template":"","format":"standard","meta":{"footnotes":""},"categories":[6,28],"tags":[],"class_list":["post-5278","post","type-post","status-publish","format-standard","has-post-thumbnail","hentry","category-news","category-latest-news"],"_links":{"self":[{"href":"https:\/\/www.obispadorqta.org.ar\/v3\/wp-json\/wp\/v2\/posts\/5278","targetHints":{"allow":["GET"]}}],"collection":[{"href":"https:\/\/www.obispadorqta.org.ar\/v3\/wp-json\/wp\/v2\/posts"}],"about":[{"href":"https:\/\/www.obispadorqta.org.ar\/v3\/wp-json\/wp\/v2\/types\/post"}],"author":[{"embeddable":true,"href":"https:\/\/www.obispadorqta.org.ar\/v3\/wp-json\/wp\/v2\/users\/3"}],"replies":[{"embeddable":true,"href":"https:\/\/www.obispadorqta.org.ar\/v3\/wp-json\/wp\/v2\/comments?post=5278"}],"version-history":[{"count":2,"href":"https:\/\/www.obispadorqta.org.ar\/v3\/wp-json\/wp\/v2\/posts\/5278\/revisions"}],"predecessor-version":[{"id":5284,"href":"https:\/\/www.obispadorqta.org.ar\/v3\/wp-json\/wp\/v2\/posts\/5278\/revisions\/5284"}],"wp:featuredmedia":[{"embeddable":true,"href":"https:\/\/www.obispadorqta.org.ar\/v3\/wp-json\/wp\/v2\/media\/5287"}],"wp:attachment":[{"href":"https:\/\/www.obispadorqta.org.ar\/v3\/wp-json\/wp\/v2\/media?parent=5278"}],"wp:term":[{"taxonomy":"category","embeddable":true,"href":"https:\/\/www.obispadorqta.org.ar\/v3\/wp-json\/wp\/v2\/categories?post=5278"},{"taxonomy":"post_tag","embeddable":true,"href":"https:\/\/www.obispadorqta.org.ar\/v3\/wp-json\/wp\/v2\/tags?post=5278"}],"curies":[{"name":"wp","href":"https:\/\/api.w.org\/{rel}","templated":true}]}}