{"id":5288,"date":"2020-05-13T10:32:40","date_gmt":"2020-05-13T13:32:40","guid":{"rendered":"http:\/\/www.obispadorqta.org.ar\/v3\/?p=5288"},"modified":"2020-05-13T10:33:01","modified_gmt":"2020-05-13T13:33:01","slug":"preparandonos-para-la-semana-de-la-laudato-si","status":"publish","type":"post","link":"https:\/\/www.obispadorqta.org.ar\/v3\/preparandonos-para-la-semana-de-la-laudato-si\/","title":{"rendered":"PREPAR\u00c1NDONOS PARA LA SEMANA  DE LA LAUDATO SI&#8217;"},"content":{"rendered":"<p style=\"text-align: justify;\"><span style=\"color: #000000;\">Ya estamos pr\u00f3ximos a vivir la semana dedicada al cuidado de la casa com\u00fan, <\/span><span style=\"color: #000000;\">al cumplirse cinco a\u00f1os de la publicaci\u00f3n de la Laudato Si&#8217;. <\/span><\/p>\n<p style=\"text-align: justify;\"><span style=\"color: #000000;\">Hace unos d\u00edas invit\u00e1bamos a leer el texto, ofreci\u00e9ndolo en PDF. Hoy compartimos con ustedes una l\u00e1mina digital, con una s\u00edntesis del documento, que nos sirva de clave de lectura, o que sugiera los conceptos b\u00e1sicos a quienes no disponen de tiempo para leerlo.<\/span><\/p>\n\n\n<p><\/p>\n","protected":false},"excerpt":{"rendered":"<div class=\"mh-excerpt\"><p>Ya estamos pr\u00f3ximos a vivir la semana dedicada al cuidado de la casa com\u00fan, al cumplirse cinco a\u00f1os de la publicaci\u00f3n de la Laudato Si&#8217;. <a class=\"mh-excerpt-more\" href=\"https:\/\/www.obispadorqta.org.ar\/v3\/preparandonos-para-la-semana-de-la-laudato-si\/\" title=\"PREPAR\u00c1NDONOS PARA LA SEMANA  DE LA LAUDATO SI&#8217;\">[&#8230;]<\/a><\/p>\n<\/div>","protected":false},"author":3,"featured_media":5290,"comment_status":"closed","ping_status":"open","sticky":false,"template":"","format":"standard","meta":{"footnotes":""},"categories":[6,1,28],"tags":[],"class_list":["post-5288","post","type-post","status-publish","format-standard","has-post-thumbnail","hentry","category-news","category-sin-categoria","category-latest-news"],"_links":{"self":[{"href":"https:\/\/www.obispadorqta.org.ar\/v3\/wp-json\/wp\/v2\/posts\/5288","targetHints":{"allow":["GET"]}}],"collection":[{"href":"https:\/\/www.obispadorqta.org.ar\/v3\/wp-json\/wp\/v2\/posts"}],"about":[{"href":"https:\/\/www.obispadorqta.org.ar\/v3\/wp-json\/wp\/v2\/types\/post"}],"author":[{"embeddable":true,"href":"https:\/\/www.obispadorqta.org.ar\/v3\/wp-json\/wp\/v2\/users\/3"}],"replies":[{"embeddable":true,"href":"https:\/\/www.obispadorqta.org.ar\/v3\/wp-json\/wp\/v2\/comments?post=5288"}],"version-history":[{"count":1,"href":"https:\/\/www.obispadorqta.org.ar\/v3\/wp-json\/wp\/v2\/posts\/5288\/revisions"}],"predecessor-version":[{"id":5289,"href":"https:\/\/www.obispadorqta.org.ar\/v3\/wp-json\/wp\/v2\/posts\/5288\/revisions\/5289"}],"wp:featuredmedia":[{"embeddable":true,"href":"https:\/\/www.obispadorqta.org.ar\/v3\/wp-json\/wp\/v2\/media\/5290"}],"wp:attachment":[{"href":"https:\/\/www.obispadorqta.org.ar\/v3\/wp-json\/wp\/v2\/media?parent=5288"}],"wp:term":[{"taxonomy":"category","embeddable":true,"href":"https:\/\/www.obispadorqta.org.ar\/v3\/wp-json\/wp\/v2\/categories?post=5288"},{"taxonomy":"post_tag","embeddable":true,"href":"https:\/\/www.obispadorqta.org.ar\/v3\/wp-json\/wp\/v2\/tags?post=5288"}],"curies":[{"name":"wp","href":"https:\/\/api.w.org\/{rel}","templated":true}]}}