{"id":5293,"date":"2020-05-15T12:05:19","date_gmt":"2020-05-15T15:05:19","guid":{"rendered":"http:\/\/www.obispadorqta.org.ar\/v3\/?p=5293"},"modified":"2023-08-22T11:53:45","modified_gmt":"2023-08-22T14:53:45","slug":"consulta-a-los-laicos-sobre-la-laudato-si","status":"publish","type":"post","link":"https:\/\/www.obispadorqta.org.ar\/v3\/consulta-a-los-laicos-sobre-la-laudato-si\/","title":{"rendered":"CONSULTA A LOS LAICOS SOBRE LA LAUDATO SI\u00b4"},"content":{"rendered":"<p style=\"text-align: justify;\">\n<span style=\"color: #000000;\">Desde la Junta de Laicos de Reconquista, queremos invitarlos a que se sumen a la semana de la<strong> LAUDATO SI<\/strong>, desde el s\u00e1bado 16 hasta el domingo 24 inclusive.<\/span><\/p>\n<p style=\"text-align: justify;\"><span style=\"color: #000000;\">Celebramos 5 a\u00f1os de esta enc\u00edclica que ha escrito el Papa Francisco sobre la ecolog\u00eda; el nombre de la misma significa \u00a1ALABADO SEAS MI SE\u00d1OR!, inspirado en el CANTICO DE LAS CRIATURAS de San Francisco de As\u00eds. Advierte sobre la contaminaci\u00f3n al planeta, llama a la unidad a todos los sectores, y a la conversi\u00f3n ecol\u00f3gica con propuestas concretas para el cuidado de la casa com\u00fan.<\/span><\/p>\n<p style=\"text-align: justify;\"><span style=\"color: #000000;\">En este tiempo de pandemia, nos llama a pensar en la luz de esperanza que tiene LAUDATO SI; est\u00e1 en cada uno aportar nuestro granito de arena para cambiar nuestro ambiente, por eso te pedimos que respondas estas preguntas de una forma muy breve:<\/span><br \/>\n<span style=\"color: #000000;\"><strong><em>\u00bfCU\u00c1LES SON LAS CONSECUENCIAS QUE LLEVARON A LA CONTAMINACION DEL PLANETA?<\/em><\/strong><\/span><br \/>\n<span style=\"color: #000000;\"><strong><em>\u00bfQUE PROPONES PARA AYUDAR A LA CASA COMUN DESDE NUESTRO LUGAR?<\/em><\/strong><\/span><\/p>\n<p style=\"text-align: justify;\"><span style=\"color: #000000;\">Hasta el MARTES 26 esperamos tu respuesta o la de tu grupo al correo <a style=\"color: #000000;\" href=\"mailto:juntadelaicosreconquista@gmail.com\">juntadelaicosreconquista@gmail.com<\/a>. De esta forma estamos reflexionando entre todos que podemos hacer a la invitaci\u00f3n de nuestro Papa y mejorar nuestra casa, la casa de todos.<\/span><\/p>\n<p style=\"text-align: right;\"><span style=\"color: #000000;\"><strong>Silvia Martinez \/ Walter Cian<\/strong> <\/span><br \/>\n<span style=\"color: #000000;\">Coordinadores \u201cJunta de Laicos de Reconquista\u201d<\/span><\/p>\n","protected":false},"excerpt":{"rendered":"<div class=\"mh-excerpt\"><p>Desde la Junta de Laicos de Reconquista, queremos invitarlos a que se sumen a la semana de la LAUDATO SI, desde el s\u00e1bado 16 hasta <a class=\"mh-excerpt-more\" href=\"https:\/\/www.obispadorqta.org.ar\/v3\/consulta-a-los-laicos-sobre-la-laudato-si\/\" title=\"CONSULTA A LOS LAICOS SOBRE LA LAUDATO SI\u00b4\">[&#8230;]<\/a><\/p>\n<\/div>","protected":false},"author":3,"featured_media":5294,"comment_status":"closed","ping_status":"open","sticky":false,"template":"","format":"standard","meta":{"footnotes":""},"categories":[6,28],"tags":[],"class_list":["post-5293","post","type-post","status-publish","format-standard","has-post-thumbnail","hentry","category-news","category-latest-news"],"_links":{"self":[{"href":"https:\/\/www.obispadorqta.org.ar\/v3\/wp-json\/wp\/v2\/posts\/5293","targetHints":{"allow":["GET"]}}],"collection":[{"href":"https:\/\/www.obispadorqta.org.ar\/v3\/wp-json\/wp\/v2\/posts"}],"about":[{"href":"https:\/\/www.obispadorqta.org.ar\/v3\/wp-json\/wp\/v2\/types\/post"}],"author":[{"embeddable":true,"href":"https:\/\/www.obispadorqta.org.ar\/v3\/wp-json\/wp\/v2\/users\/3"}],"replies":[{"embeddable":true,"href":"https:\/\/www.obispadorqta.org.ar\/v3\/wp-json\/wp\/v2\/comments?post=5293"}],"version-history":[{"count":2,"href":"https:\/\/www.obispadorqta.org.ar\/v3\/wp-json\/wp\/v2\/posts\/5293\/revisions"}],"predecessor-version":[{"id":5296,"href":"https:\/\/www.obispadorqta.org.ar\/v3\/wp-json\/wp\/v2\/posts\/5293\/revisions\/5296"}],"wp:featuredmedia":[{"embeddable":true,"href":"https:\/\/www.obispadorqta.org.ar\/v3\/wp-json\/wp\/v2\/media\/5294"}],"wp:attachment":[{"href":"https:\/\/www.obispadorqta.org.ar\/v3\/wp-json\/wp\/v2\/media?parent=5293"}],"wp:term":[{"taxonomy":"category","embeddable":true,"href":"https:\/\/www.obispadorqta.org.ar\/v3\/wp-json\/wp\/v2\/categories?post=5293"},{"taxonomy":"post_tag","embeddable":true,"href":"https:\/\/www.obispadorqta.org.ar\/v3\/wp-json\/wp\/v2\/tags?post=5293"}],"curies":[{"name":"wp","href":"https:\/\/api.w.org\/{rel}","templated":true}]}}