{"id":5311,"date":"2020-05-20T12:26:04","date_gmt":"2020-05-20T15:26:04","guid":{"rendered":"http:\/\/www.obispadorqta.org.ar\/v3\/?p=5311"},"modified":"2020-05-20T12:38:22","modified_gmt":"2020-05-20T15:38:22","slug":"disertacion-monc-angel-jose-macin","status":"publish","type":"post","link":"https:\/\/www.obispadorqta.org.ar\/v3\/disertacion-monc-angel-jose-macin\/","title":{"rendered":"DISERTACI\u00d3N DE MONS. \u00c1NGEL JOS\u00c9 MAC\u00cdN"},"content":{"rendered":"<p style=\"text-align: justify;\"><span style=\"color: #000000;\">En el marco de las actividades de la Semana Laudato Si\u2019, el obispo de Reconquista y presidente de la Comisi\u00f3n de Pastoral Aborigen del Episcopado Argentino, Mons. \u00c1ngel Jos\u00e9 Mac\u00edn, disertara sobre \u201cCultura en Laudato si&#8217;\u201d.<\/span><\/p>\n<p style=\"text-align: justify;\"><span style=\"color: #000000;\">La misma ser\u00e1 el d\u00eda viernes 22 de mayo a las 17 hs, en la modalidad online y por Radio Amanecer<\/span>.<\/p>\n\n\n<figure class=\"wp-block-embed-facebook wp-block-embed is-type-video is-provider-facebook\"><div class=\"wp-block-embed__wrapper\">\nhttps:\/\/www.facebook.com\/laudatosiargentina\/videos\/266681851195751\/\n<\/div><\/figure>\n\n\n\n<p><\/p>\n","protected":false},"excerpt":{"rendered":"<div class=\"mh-excerpt\"><p>En el marco de las actividades de la Semana Laudato Si\u2019, el obispo de Reconquista y presidente de la Comisi\u00f3n de Pastoral Aborigen del Episcopado <a class=\"mh-excerpt-more\" href=\"https:\/\/www.obispadorqta.org.ar\/v3\/disertacion-monc-angel-jose-macin\/\" title=\"DISERTACI\u00d3N DE MONS. \u00c1NGEL JOS\u00c9 MAC\u00cdN\">[&#8230;]<\/a><\/p>\n<\/div>","protected":false},"author":3,"featured_media":5315,"comment_status":"closed","ping_status":"open","sticky":false,"template":"","format":"standard","meta":{"footnotes":""},"categories":[6,1,28],"tags":[],"class_list":["post-5311","post","type-post","status-publish","format-standard","has-post-thumbnail","hentry","category-news","category-sin-categoria","category-latest-news"],"_links":{"self":[{"href":"https:\/\/www.obispadorqta.org.ar\/v3\/wp-json\/wp\/v2\/posts\/5311","targetHints":{"allow":["GET"]}}],"collection":[{"href":"https:\/\/www.obispadorqta.org.ar\/v3\/wp-json\/wp\/v2\/posts"}],"about":[{"href":"https:\/\/www.obispadorqta.org.ar\/v3\/wp-json\/wp\/v2\/types\/post"}],"author":[{"embeddable":true,"href":"https:\/\/www.obispadorqta.org.ar\/v3\/wp-json\/wp\/v2\/users\/3"}],"replies":[{"embeddable":true,"href":"https:\/\/www.obispadorqta.org.ar\/v3\/wp-json\/wp\/v2\/comments?post=5311"}],"version-history":[{"count":5,"href":"https:\/\/www.obispadorqta.org.ar\/v3\/wp-json\/wp\/v2\/posts\/5311\/revisions"}],"predecessor-version":[{"id":5318,"href":"https:\/\/www.obispadorqta.org.ar\/v3\/wp-json\/wp\/v2\/posts\/5311\/revisions\/5318"}],"wp:featuredmedia":[{"embeddable":true,"href":"https:\/\/www.obispadorqta.org.ar\/v3\/wp-json\/wp\/v2\/media\/5315"}],"wp:attachment":[{"href":"https:\/\/www.obispadorqta.org.ar\/v3\/wp-json\/wp\/v2\/media?parent=5311"}],"wp:term":[{"taxonomy":"category","embeddable":true,"href":"https:\/\/www.obispadorqta.org.ar\/v3\/wp-json\/wp\/v2\/categories?post=5311"},{"taxonomy":"post_tag","embeddable":true,"href":"https:\/\/www.obispadorqta.org.ar\/v3\/wp-json\/wp\/v2\/tags?post=5311"}],"curies":[{"name":"wp","href":"https:\/\/api.w.org\/{rel}","templated":true}]}}