{"id":5323,"date":"2020-05-23T13:13:14","date_gmt":"2020-05-23T16:13:14","guid":{"rendered":"http:\/\/www.obispadorqta.org.ar\/v3\/?p=5323"},"modified":"2020-05-23T13:13:26","modified_gmt":"2020-05-23T16:13:26","slug":"cierre-semana-laudato-si","status":"publish","type":"post","link":"https:\/\/www.obispadorqta.org.ar\/v3\/cierre-semana-laudato-si\/","title":{"rendered":"Cierre Semana Laudato Si\u00b4"},"content":{"rendered":"<p style=\"text-align: justify;\">Culminando la Semana Laudato Si\u00b4, el domingo 24 de mayo a las 19 hs., el Obispo Diocesano, Mons. \u00c1ngel Jos\u00e9 Mac\u00edn, presidir\u00e1 la celebraci\u00f3n de la Santa Misa desde la Parroquia \u00abNuestra Se\u00f1ora de Itat\u00ed\u00bb de Fort\u00edn Olmos.<\/p>\n<p style=\"text-align: justify;\">La misma ser\u00e1 transmitida por la red social Facebook de la Radio FM Vida de Fort\u00edn Olmos y a Radio Amanecer.<\/p>\n<p style=\"text-align: justify;\">Facebook de FM Vida:\u00a0<a href=\"https:\/\/www.facebook.com\/fmvida92.5\/\">https:\/\/www.facebook.com\/fmvida92.5\/<\/a>\u00a0 o en su p\u00e1gina web: <a href=\"http:\/\/www.fmvidafortinolmos.com.ar\/\">http:\/\/www.fmvidafortinolmos.com.ar\/<\/a><\/p>\n","protected":false},"excerpt":{"rendered":"<div class=\"mh-excerpt\"><p>Culminando la Semana Laudato Si\u00b4, el domingo 24 de mayo a las 19 hs., el Obispo Diocesano, Mons. \u00c1ngel Jos\u00e9 Mac\u00edn, presidir\u00e1 la celebraci\u00f3n de <a class=\"mh-excerpt-more\" href=\"https:\/\/www.obispadorqta.org.ar\/v3\/cierre-semana-laudato-si\/\" title=\"Cierre Semana Laudato Si\u00b4\">[&#8230;]<\/a><\/p>\n<\/div>","protected":false},"author":2,"featured_media":5326,"comment_status":"closed","ping_status":"open","sticky":false,"template":"","format":"standard","meta":{"footnotes":""},"categories":[6,28],"tags":[],"class_list":["post-5323","post","type-post","status-publish","format-standard","has-post-thumbnail","hentry","category-news","category-latest-news"],"_links":{"self":[{"href":"https:\/\/www.obispadorqta.org.ar\/v3\/wp-json\/wp\/v2\/posts\/5323","targetHints":{"allow":["GET"]}}],"collection":[{"href":"https:\/\/www.obispadorqta.org.ar\/v3\/wp-json\/wp\/v2\/posts"}],"about":[{"href":"https:\/\/www.obispadorqta.org.ar\/v3\/wp-json\/wp\/v2\/types\/post"}],"author":[{"embeddable":true,"href":"https:\/\/www.obispadorqta.org.ar\/v3\/wp-json\/wp\/v2\/users\/2"}],"replies":[{"embeddable":true,"href":"https:\/\/www.obispadorqta.org.ar\/v3\/wp-json\/wp\/v2\/comments?post=5323"}],"version-history":[{"count":1,"href":"https:\/\/www.obispadorqta.org.ar\/v3\/wp-json\/wp\/v2\/posts\/5323\/revisions"}],"predecessor-version":[{"id":5325,"href":"https:\/\/www.obispadorqta.org.ar\/v3\/wp-json\/wp\/v2\/posts\/5323\/revisions\/5325"}],"wp:featuredmedia":[{"embeddable":true,"href":"https:\/\/www.obispadorqta.org.ar\/v3\/wp-json\/wp\/v2\/media\/5326"}],"wp:attachment":[{"href":"https:\/\/www.obispadorqta.org.ar\/v3\/wp-json\/wp\/v2\/media?parent=5323"}],"wp:term":[{"taxonomy":"category","embeddable":true,"href":"https:\/\/www.obispadorqta.org.ar\/v3\/wp-json\/wp\/v2\/categories?post=5323"},{"taxonomy":"post_tag","embeddable":true,"href":"https:\/\/www.obispadorqta.org.ar\/v3\/wp-json\/wp\/v2\/tags?post=5323"}],"curies":[{"name":"wp","href":"https:\/\/api.w.org\/{rel}","templated":true}]}}