{"id":5332,"date":"2020-05-28T10:30:52","date_gmt":"2020-05-28T13:30:52","guid":{"rendered":"http:\/\/www.obispadorqta.org.ar\/v3\/?p=5332"},"modified":"2020-05-28T10:45:48","modified_gmt":"2020-05-28T13:45:48","slug":"pentecostes-y-20-anos-de-casita-mama-angela","status":"publish","type":"post","link":"https:\/\/www.obispadorqta.org.ar\/v3\/pentecostes-y-20-anos-de-casita-mama-angela\/","title":{"rendered":"PENTECOST\u00c9S Y 20 A\u00d1OS DE CASITA \u00abMAM\u00c1 \u00c1NGELA\u00bb"},"content":{"rendered":"<p style=\"text-align: justify;\">En la vigilia de Pentecost\u00e9s, vamos a celebrar la acci\u00f3n de gracias por los 20 a\u00f1os de la Casita \u00abMam\u00e1 \u00c1ngela\u00bb, ubicada en el radio de la parroquia \u00abSan Jos\u00e9\u00bb, y llevada adelante por la familia calabriana de nuestra di\u00f3cesis.<\/p>\n<p style=\"text-align: justify;\">La misa de acci\u00f3n de gracias, coincidente con la vigilia de Pentecost\u00e9s, ser\u00e1 presidida por el Obispo Diocesano, Mons. \u00c1ngel Jos\u00e9 Mac\u00edn, el s\u00e1bado 30 de mayo a las 18.00 hs. y ser\u00e1 transmitida por diferentes medios.<\/p>\n<p style=\"text-align: justify;\">Los invitamos a unirnos a esta celebraci\u00f3n del Esp\u00edritu y la Caridad.<\/p>\n\n\n<figure class=\"wp-block-image size-large\"><img loading=\"lazy\" decoding=\"async\" width=\"782\" height=\"1024\" src=\"https:\/\/www.obispadorqta.org.ar\/v3\/wp-content\/uploads\/2020\/05\/IMG-20200525-WA0022-782x1024.jpg\" alt=\"\" class=\"wp-image-5333\" srcset=\"https:\/\/www.obispadorqta.org.ar\/v3\/wp-content\/uploads\/2020\/05\/IMG-20200525-WA0022-782x1024.jpg 782w, https:\/\/www.obispadorqta.org.ar\/v3\/wp-content\/uploads\/2020\/05\/IMG-20200525-WA0022-229x300.jpg 229w, https:\/\/www.obispadorqta.org.ar\/v3\/wp-content\/uploads\/2020\/05\/IMG-20200525-WA0022-768x1006.jpg 768w, https:\/\/www.obispadorqta.org.ar\/v3\/wp-content\/uploads\/2020\/05\/IMG-20200525-WA0022.jpg 977w\" sizes=\"auto, (max-width: 782px) 100vw, 782px\" \/><\/figure>\n","protected":false},"excerpt":{"rendered":"<div class=\"mh-excerpt\"><p>En la vigilia de Pentecost\u00e9s, vamos a celebrar la acci\u00f3n de gracias por los 20 a\u00f1os de la Casita \u00abMam\u00e1 \u00c1ngela\u00bb, ubicada en el radio <a class=\"mh-excerpt-more\" href=\"https:\/\/www.obispadorqta.org.ar\/v3\/pentecostes-y-20-anos-de-casita-mama-angela\/\" title=\"PENTECOST\u00c9S Y 20 A\u00d1OS DE CASITA \u00abMAM\u00c1 \u00c1NGELA\u00bb\">[&#8230;]<\/a><\/p>\n<\/div>","protected":false},"author":3,"featured_media":5340,"comment_status":"closed","ping_status":"open","sticky":false,"template":"","format":"standard","meta":{"footnotes":""},"categories":[6,28],"tags":[],"class_list":["post-5332","post","type-post","status-publish","format-standard","has-post-thumbnail","hentry","category-news","category-latest-news"],"_links":{"self":[{"href":"https:\/\/www.obispadorqta.org.ar\/v3\/wp-json\/wp\/v2\/posts\/5332","targetHints":{"allow":["GET"]}}],"collection":[{"href":"https:\/\/www.obispadorqta.org.ar\/v3\/wp-json\/wp\/v2\/posts"}],"about":[{"href":"https:\/\/www.obispadorqta.org.ar\/v3\/wp-json\/wp\/v2\/types\/post"}],"author":[{"embeddable":true,"href":"https:\/\/www.obispadorqta.org.ar\/v3\/wp-json\/wp\/v2\/users\/3"}],"replies":[{"embeddable":true,"href":"https:\/\/www.obispadorqta.org.ar\/v3\/wp-json\/wp\/v2\/comments?post=5332"}],"version-history":[{"count":3,"href":"https:\/\/www.obispadorqta.org.ar\/v3\/wp-json\/wp\/v2\/posts\/5332\/revisions"}],"predecessor-version":[{"id":5341,"href":"https:\/\/www.obispadorqta.org.ar\/v3\/wp-json\/wp\/v2\/posts\/5332\/revisions\/5341"}],"wp:featuredmedia":[{"embeddable":true,"href":"https:\/\/www.obispadorqta.org.ar\/v3\/wp-json\/wp\/v2\/media\/5340"}],"wp:attachment":[{"href":"https:\/\/www.obispadorqta.org.ar\/v3\/wp-json\/wp\/v2\/media?parent=5332"}],"wp:term":[{"taxonomy":"category","embeddable":true,"href":"https:\/\/www.obispadorqta.org.ar\/v3\/wp-json\/wp\/v2\/categories?post=5332"},{"taxonomy":"post_tag","embeddable":true,"href":"https:\/\/www.obispadorqta.org.ar\/v3\/wp-json\/wp\/v2\/tags?post=5332"}],"curies":[{"name":"wp","href":"https:\/\/api.w.org\/{rel}","templated":true}]}}