{"id":5343,"date":"2020-05-29T11:51:29","date_gmt":"2020-05-29T14:51:29","guid":{"rendered":"http:\/\/www.obispadorqta.org.ar\/v3\/?p=5343"},"modified":"2020-05-29T11:51:40","modified_gmt":"2020-05-29T14:51:40","slug":"campana-para-el-tratamiento-medico-del-p-nestor-vera","status":"publish","type":"post","link":"https:\/\/www.obispadorqta.org.ar\/v3\/campana-para-el-tratamiento-medico-del-p-nestor-vera\/","title":{"rendered":"Campa\u00f1a para el tratamiento m\u00e9dico del P. N\u00e9stor Vera"},"content":{"rendered":"\n\n<p style=\"text-align: justify;\">A continuaci\u00f3n compartimos la rendici\u00f3n de cuentas de la campa\u00f1a que se llev\u00f3 a cabo durante los meses de marzo, abril y mayo, con el fin de juntar fondos para el tratamiento m\u00e9dico del Padre N\u00e9stor Vera.<\/p>\n\n\n<figure class=\"wp-block-image size-large\"><img loading=\"lazy\" decoding=\"async\" width=\"737\" height=\"1024\" src=\"https:\/\/www.obispadorqta.org.ar\/v3\/wp-content\/uploads\/2020\/05\/escanear0001-737x1024.jpg\" alt=\"\" class=\"wp-image-5345\" srcset=\"https:\/\/www.obispadorqta.org.ar\/v3\/wp-content\/uploads\/2020\/05\/escanear0001-737x1024.jpg 737w, https:\/\/www.obispadorqta.org.ar\/v3\/wp-content\/uploads\/2020\/05\/escanear0001-216x300.jpg 216w, https:\/\/www.obispadorqta.org.ar\/v3\/wp-content\/uploads\/2020\/05\/escanear0001-768x1067.jpg 768w, https:\/\/www.obispadorqta.org.ar\/v3\/wp-content\/uploads\/2020\/05\/escanear0001-1106x1536.jpg 1106w, https:\/\/www.obispadorqta.org.ar\/v3\/wp-content\/uploads\/2020\/05\/escanear0001.jpg 1317w\" sizes=\"auto, (max-width: 737px) 100vw, 737px\" \/><\/figure>\n","protected":false},"excerpt":{"rendered":"<div class=\"mh-excerpt\"><p>A continuaci\u00f3n compartimos la rendici\u00f3n de cuentas de la campa\u00f1a que se llev\u00f3 a cabo durante los meses de marzo, abril y mayo, con el <a class=\"mh-excerpt-more\" href=\"https:\/\/www.obispadorqta.org.ar\/v3\/campana-para-el-tratamiento-medico-del-p-nestor-vera\/\" title=\"Campa\u00f1a para el tratamiento m\u00e9dico del P. N\u00e9stor Vera\">[&#8230;]<\/a><\/p>\n<\/div>","protected":false},"author":2,"featured_media":5344,"comment_status":"closed","ping_status":"open","sticky":false,"template":"","format":"standard","meta":{"footnotes":""},"categories":[6,28],"tags":[],"class_list":["post-5343","post","type-post","status-publish","format-standard","has-post-thumbnail","hentry","category-news","category-latest-news"],"_links":{"self":[{"href":"https:\/\/www.obispadorqta.org.ar\/v3\/wp-json\/wp\/v2\/posts\/5343","targetHints":{"allow":["GET"]}}],"collection":[{"href":"https:\/\/www.obispadorqta.org.ar\/v3\/wp-json\/wp\/v2\/posts"}],"about":[{"href":"https:\/\/www.obispadorqta.org.ar\/v3\/wp-json\/wp\/v2\/types\/post"}],"author":[{"embeddable":true,"href":"https:\/\/www.obispadorqta.org.ar\/v3\/wp-json\/wp\/v2\/users\/2"}],"replies":[{"embeddable":true,"href":"https:\/\/www.obispadorqta.org.ar\/v3\/wp-json\/wp\/v2\/comments?post=5343"}],"version-history":[{"count":1,"href":"https:\/\/www.obispadorqta.org.ar\/v3\/wp-json\/wp\/v2\/posts\/5343\/revisions"}],"predecessor-version":[{"id":5346,"href":"https:\/\/www.obispadorqta.org.ar\/v3\/wp-json\/wp\/v2\/posts\/5343\/revisions\/5346"}],"wp:featuredmedia":[{"embeddable":true,"href":"https:\/\/www.obispadorqta.org.ar\/v3\/wp-json\/wp\/v2\/media\/5344"}],"wp:attachment":[{"href":"https:\/\/www.obispadorqta.org.ar\/v3\/wp-json\/wp\/v2\/media?parent=5343"}],"wp:term":[{"taxonomy":"category","embeddable":true,"href":"https:\/\/www.obispadorqta.org.ar\/v3\/wp-json\/wp\/v2\/categories?post=5343"},{"taxonomy":"post_tag","embeddable":true,"href":"https:\/\/www.obispadorqta.org.ar\/v3\/wp-json\/wp\/v2\/tags?post=5343"}],"curies":[{"name":"wp","href":"https:\/\/api.w.org\/{rel}","templated":true}]}}