{"id":5349,"date":"2020-06-01T17:20:30","date_gmt":"2020-06-01T20:20:30","guid":{"rendered":"http:\/\/www.obispadorqta.org.ar\/v3\/?p=5349"},"modified":"2023-08-22T11:53:38","modified_gmt":"2023-08-22T14:53:38","slug":"50-anos-del-ritual-de-consagracion-de-virgenes","status":"publish","type":"post","link":"https:\/\/www.obispadorqta.org.ar\/v3\/50-anos-del-ritual-de-consagracion-de-virgenes\/","title":{"rendered":"50 A\u00d1OS DEL RITUAL DE CONSAGRACI\u00d3N DE V\u00cdRGENES"},"content":{"rendered":"<div class=\"gs\">\n<div class=\"\">\n<div id=\":1gb\" class=\"ii gt\">\n<div id=\":1ga\" class=\"a3s aXjCH \">\n<div dir=\"ltr\">\n<p style=\"text-align: justify;\"><em><strong>Mensaje del Santo Padre Francisco en el 50\u00b0 aniversario de la promulgaci\u00f3n del Rito de la Consagraci\u00f3n de las v\u00edrgenes , 01.06.2020<\/strong><\/em><\/p>\n<p>\u00a0<\/p>\n<p>Publicamos a continuaci\u00f3n el mensaje del Santo Padre Francisco en el 50 aniversario de la promulgaci\u00f3n del Rito de la Consagraci\u00f3n de las v\u00edrgenes.<\/p>\n<p><u><b>Mensaje del Santo Padre Francisco<\/b><\/u><\/p>\n<p style=\"text-align: justify;\">Queridas hermanas:<\/p>\n<p style=\"text-align: justify;\">1. Hace cincuenta a\u00f1os la Sagrada Congregaci\u00f3n para el Culto Divino, por mandato de san Pablo VI, promulgaba el nuevo\u00a0<i>Rito de la Consagraci\u00f3n de las v\u00edrgenes<\/i>. La pandemia a\u00fan en curso ha obligado a aplazar el encuentro internacional convocado por la Congregaci\u00f3n para los Institutos de Vida Consagrada y las Sociedades de Vida Apost\u00f3lica para celebrar este importante aniversario. Sin embargo, deseo igualmente unirme a vuestra acci\u00f3n de gracias por este \u00abdoble don del Se\u00f1or a su Iglesia\u00bb \u2015como os dijo san Juan Pablo II con ocasi\u00f3n del 25 aniversario\u2015: el\u00a0<i>Rito<\/i>\u00a0renovado y un\u00a0<i>Ordo fidelium<\/i>\u00a0\u00abrestituido a la comunidad eclesial\u00bb (<i>Discurso a las participantes en el Congreso Internacional del Ordo virginum<\/i>, 2 junio 1995).<\/p>\n<p style=\"text-align: justify;\">Vuestra forma de vida encuentra su primera fuente en el\u00a0<i>Rito<\/i>, tiene su configuraci\u00f3n jur\u00eddica en el can. 604 del C\u00f3digo de Derecho Can\u00f3nico, y desde 2018 en la Instrucci\u00f3n\u00a0<i>Ecclesiae Sponsae imago<\/i>. Vuestra llamada pone de relieve la inagotable y multiforme riqueza de los dones del Esp\u00edritu del Resucitado, que hace nuevas todas las cosas (cf.\u00a0<i>Ap<\/i>\u00a021,5). Al mismo tiempo, es un signo de esperanza: la fidelidad del Padre pone a\u00fan hoy en el coraz\u00f3n de algunas mujeres el deseo de ser consagradas al Se\u00f1or en la virginidad vivida en su ambiente social y cultural ordinario, arraigadas en una Iglesia particular, en una forma de vida antigua y al mismo tiempo nueva y moderna.<\/p>\n<p style=\"text-align: justify;\">Acompa\u00f1adas por los obispos, hab\u00e9is profundizado en la especificidad de vuestra forma de vida consagrada, experimentando que la consagraci\u00f3n os constituye en la Iglesia un\u00a0<i>Ordo fidelium<\/i>\u00a0particular. Proseguid en este camino, colaborad con los obispos para encontrar serios itinerarios de discernimiento vocacional y de formaci\u00f3n inicial y permanente. En efecto, el don de vuestra vocaci\u00f3n se manifiesta en la sinfon\u00eda de la Iglesia, que se edifica cuando puede reconocer en vosotras mujeres capaces de vivir el don de la sororidad.<\/p>\n<p style=\"text-align: justify;\">2. Cincuenta a\u00f1os despu\u00e9s del\u00a0<i>Rito\u00a0<\/i>renovado, quisiera deciros: \u00a1no apagu\u00e9is la profec\u00eda de vuestra vocaci\u00f3n! Est\u00e1is llamadas, no por m\u00e9rito vuestro, sino por la misericordia de Dios, a hacer resplandecer en vuestra existencia el rostro de la Iglesia, Esposa de Cristo, que es virgen porque, a pesar de estar compuesta por pecadores, custodia \u00edntegra la fe, concibe y hace crecer una humanidad nueva.<\/p>\n<p style=\"text-align: justify;\">Juntamente con el Esp\u00edritu, con toda la Iglesia y con todos los oyentes de la Palabra, est\u00e1is invitadas a entregaros a Cristo y a decirle: \u00ab\u00a1Ven!\u00bb (<i>Ap<\/i>\u00a022,17), para permanecer en la fuerza dada por su respuesta: \u00ab\u00a1S\u00ed, vengo pronto!\u00bb (<i>Ap<\/i>\u00a022,20). Esta visita del Esposo es el horizonte de vuestro camino eclesial, vuestra meta, la promesa que hay que acoger cada d\u00eda. De este modo \u00abpodr\u00e9is ser estrellas que orientan el camino del mundo\u00bb (Benedicto XVI,\u00a0<i>Discurso a un grupo de v\u00edrgenes consagradas con ocasi\u00f3n del Segundo Congreso del \u201cOrdo Virginum\u201d<\/i>, 15 mayo 2008).<\/p>\n<p style=\"text-align: justify;\">Os invito a releer y meditar los textos del\u00a0<i>Rito<\/i>, donde resuena el sentido de vuestra vocaci\u00f3n: est\u00e1is llamadas a experimentar y testimoniar que Dios, en su Hijo, nos ha amado primero, que su amor es para todos y tiene la fuerza de transformar a los pecadores en santos. En efecto, \u00abCristo am\u00f3 a su Iglesia: \u00c9l se entreg\u00f3 a s\u00ed mismo por ella, para consagrarla, purific\u00e1ndola con el ba\u00f1o del agua y la palabra\u00bb (<i>Ef<\/i>\u00a05,25-26). Vuestra vida revelar\u00e1 la tensi\u00f3n escatol\u00f3gica que anima a toda la creaci\u00f3n, que impulsa toda la historia y nace de la invitaci\u00f3n del Resucitado: \u201cLev\u00e1ntate, hermosa m\u00eda y vente\u201d (cf.<i>\u00a0Ct<\/i>\u00a02,10; Or\u00edgenes,\u00a0<i>Homil\u00edas sobre el Cantar de los cantares<\/i>\u00a0II,12).<\/p>\n<p style=\"text-align: justify;\">3. La Homil\u00eda propuesta por el\u00a0<i>Rito de Consagraci\u00f3n<\/i>\u00a0os exhorta: \u00abAmad a todos y dad preferencia a los pobres\u00bb (n. 29). La consagraci\u00f3n os reserva para Dios sin haceros ajenas al ambiente donde viv\u00eds y en el que est\u00e1is llamadas a realizar vuestro propio testimonio en el estilo de la proximidad evang\u00e9lica (cf.\u00a0<i>Ecclesiae Sponsae imago<\/i>, 37-38). Que vuestra consagraci\u00f3n virginal, con esta cercan\u00eda espec\u00edfica a los hombres y mujeres de hoy, ayude a la Iglesia a amar a los pobres, a reconocer la pobreza material y espiritual, a socorrer a los m\u00e1s fr\u00e1giles e indefensos, a los que sufren por la enfermedad f\u00edsica y ps\u00edquica, a los peque\u00f1os y a los ancianos, a los que corren el riesgo de ser descartados.<\/p>\n<p style=\"text-align: justify;\">Sed\u00a0<i>mujeres de misericordia<\/i>, expertas en humanidad. Mujeres que creen \u00aben lo revolucionario de la ternura y del cari\u00f1o\u00bb (Exhort. ap.\u00a0<i>Evangelii gaudium<\/i>, 288). La pandemia nos ense\u00f1a que \u00abes tiempo de eliminar las desigualdades, de reparar la injusticia que mina de ra\u00edz la salud de toda la humanidad\u00bb (<i>Homil\u00eda en la Celebraci\u00f3n de la Divina Misericordia<\/i>, 19 abril 2020). Que lo que est\u00e1 sucediendo en el mundo os sacuda: no cerr\u00e9is los ojos y no huy\u00e1is, atravesad con delicadeza el dolor y el sufrimiento, perseverad en proclamar el Evangelio de la vida plena para todos.<\/p>\n<p style=\"text-align: justify;\">La Oraci\u00f3n de consagraci\u00f3n, que invoca para vosotras los dones multiformes del Esp\u00edritu, pide que viv\u00e1is en una\u00a0<i>casta libertas<\/i>\u00a0(<i>Rito de la Consagraci\u00f3n de las v\u00edrgenes<\/i>, 38). Que este sea vuestro estilo de relaci\u00f3n, para ser signo del amor esponsal que une a Cristo con la Iglesia, virgen madre, hermana y amiga de la humanidad. Con vuestra bondad (cf.\u00a0<i>Flp<\/i>\u00a04,5), tejed relaciones aut\u00e9nticas, que rescaten a los barrios de nuestras ciudades de la soledad y del anonimato. Sed capaces de\u00a0<i>parresia<\/i>, pero mantened alejada la tentaci\u00f3n del parloteo y del chisme. Tened la sabidur\u00eda, la iniciativa y la autoridad de la caridad, para oponeros a la arrogancia y prevenir los abusos de poder.<\/p>\n<p style=\"text-align: justify;\">4. En la solemnidad de Pentecost\u00e9s, deseo bendecir a cada una de vosotras, as\u00ed como a las mujeres que se est\u00e1n preparando para recibir esta consagraci\u00f3n y a todas las que la recibir\u00e1n en el futuro. \u00abEl Esp\u00edritu Par\u00e1clito es dado a la Iglesia como principio inagotable de su alegr\u00eda de esposa de Cristo glorificado\u00bb (S. Pablo VI, Exhort. ap.\u00a0<i>Gaudete in Domino<\/i>, 29). Como signo de la Iglesia esposa, que pod\u00e1is ser siempre mujeres de la alegr\u00eda, a ejemplo de Mar\u00eda de Nazaret, mujer del\u00a0<i>Magnificat<\/i>, madre del Evangelio viviente.<\/p>\n<p style=\"text-align: justify;\">Roma, San Juan de Letr\u00e1n, 31 de mayo de 2020, solemnidad de Pentecost\u00e9s.<\/p>\n<p style=\"text-align: right;\">FRANCISCO<\/p>\n<p>\u00a0<\/p>\n<\/div>\n<div id=\"m_7880877287754135698DAB4FAD8-2DD7-40BB-A1B8-4E2AA1F9FDF2\">\u00a0<\/div>\n<div class=\"yj6qo\">\u00a0<\/div>\n<div class=\"adL\">\u00a0<\/div>\n<\/div>\n<\/div>\n<div class=\"hi\">\u00a0<\/div>\n<\/div>\n<\/div>\n\n\n<p><\/p>\n","protected":false},"excerpt":{"rendered":"<div class=\"mh-excerpt\"><p>Mensaje del Santo Padre Francisco en el 50\u00b0 aniversario de la promulgaci\u00f3n del Rito de la Consagraci\u00f3n de las v\u00edrgenes , 01.06.2020 \u00a0 Publicamos a <a class=\"mh-excerpt-more\" href=\"https:\/\/www.obispadorqta.org.ar\/v3\/50-anos-del-ritual-de-consagracion-de-virgenes\/\" title=\"50 A\u00d1OS DEL RITUAL DE CONSAGRACI\u00d3N DE V\u00cdRGENES\">[&#8230;]<\/a><\/p>\n<\/div>","protected":false},"author":3,"featured_media":5353,"comment_status":"closed","ping_status":"open","sticky":false,"template":"","format":"standard","meta":{"footnotes":""},"categories":[6,28],"tags":[],"class_list":["post-5349","post","type-post","status-publish","format-standard","has-post-thumbnail","hentry","category-news","category-latest-news"],"_links":{"self":[{"href":"https:\/\/www.obispadorqta.org.ar\/v3\/wp-json\/wp\/v2\/posts\/5349","targetHints":{"allow":["GET"]}}],"collection":[{"href":"https:\/\/www.obispadorqta.org.ar\/v3\/wp-json\/wp\/v2\/posts"}],"about":[{"href":"https:\/\/www.obispadorqta.org.ar\/v3\/wp-json\/wp\/v2\/types\/post"}],"author":[{"embeddable":true,"href":"https:\/\/www.obispadorqta.org.ar\/v3\/wp-json\/wp\/v2\/users\/3"}],"replies":[{"embeddable":true,"href":"https:\/\/www.obispadorqta.org.ar\/v3\/wp-json\/wp\/v2\/comments?post=5349"}],"version-history":[{"count":4,"href":"https:\/\/www.obispadorqta.org.ar\/v3\/wp-json\/wp\/v2\/posts\/5349\/revisions"}],"predecessor-version":[{"id":5356,"href":"https:\/\/www.obispadorqta.org.ar\/v3\/wp-json\/wp\/v2\/posts\/5349\/revisions\/5356"}],"wp:featuredmedia":[{"embeddable":true,"href":"https:\/\/www.obispadorqta.org.ar\/v3\/wp-json\/wp\/v2\/media\/5353"}],"wp:attachment":[{"href":"https:\/\/www.obispadorqta.org.ar\/v3\/wp-json\/wp\/v2\/media?parent=5349"}],"wp:term":[{"taxonomy":"category","embeddable":true,"href":"https:\/\/www.obispadorqta.org.ar\/v3\/wp-json\/wp\/v2\/categories?post=5349"},{"taxonomy":"post_tag","embeddable":true,"href":"https:\/\/www.obispadorqta.org.ar\/v3\/wp-json\/wp\/v2\/tags?post=5349"}],"curies":[{"name":"wp","href":"https:\/\/api.w.org\/{rel}","templated":true}]}}