{"id":5357,"date":"2020-06-02T09:44:19","date_gmt":"2020-06-02T12:44:19","guid":{"rendered":"http:\/\/www.obispadorqta.org.ar\/v3\/?p=5357"},"modified":"2020-06-02T09:45:33","modified_gmt":"2020-06-02T12:45:33","slug":"semana-de-oracion-por-la-unidad-de-los-cristianos","status":"publish","type":"post","link":"https:\/\/www.obispadorqta.org.ar\/v3\/semana-de-oracion-por-la-unidad-de-los-cristianos\/","title":{"rendered":"SEMANA DE ORACI\u00d3N POR LA UNIDAD DE LOS CRISTIANOS"},"content":{"rendered":"<p style=\"text-align: justify;\">Ya se fue transformando en una tradici\u00f3n que, la semana siguiente a Pentecost\u00e9s, la dediquemos a la oraci\u00f3n por la unidad de quienes profesamos una \u00fanica fe en Cristo.<\/p>\n<p style=\"text-align: justify;\">Este a\u00f1o, el tema es<em> \u201cNos trataron con una solicitud poco com\u00fan\u201d<\/em> (Hech 28,2).<\/p>\n<p style=\"text-align: justify;\">En Argentina, se ha elegido el 4 de Junio para rezar especialmente por esta intenci\u00f3n. Para m\u00e1s datos:\u00a0<a href=\"http:\/\/www.ceerjircea.org.ar\">http:\/\/www.ceerjircea.org.ar<\/a><\/p>\n","protected":false},"excerpt":{"rendered":"<div class=\"mh-excerpt\"><p>Ya se fue transformando en una tradici\u00f3n que, la semana siguiente a Pentecost\u00e9s, la dediquemos a la oraci\u00f3n por la unidad de quienes profesamos una <a class=\"mh-excerpt-more\" href=\"https:\/\/www.obispadorqta.org.ar\/v3\/semana-de-oracion-por-la-unidad-de-los-cristianos\/\" title=\"SEMANA DE ORACI\u00d3N POR LA UNIDAD DE LOS CRISTIANOS\">[&#8230;]<\/a><\/p>\n<\/div>","protected":false},"author":2,"featured_media":5358,"comment_status":"closed","ping_status":"open","sticky":false,"template":"","format":"standard","meta":{"footnotes":""},"categories":[6,28],"tags":[],"class_list":["post-5357","post","type-post","status-publish","format-standard","has-post-thumbnail","hentry","category-news","category-latest-news"],"_links":{"self":[{"href":"https:\/\/www.obispadorqta.org.ar\/v3\/wp-json\/wp\/v2\/posts\/5357","targetHints":{"allow":["GET"]}}],"collection":[{"href":"https:\/\/www.obispadorqta.org.ar\/v3\/wp-json\/wp\/v2\/posts"}],"about":[{"href":"https:\/\/www.obispadorqta.org.ar\/v3\/wp-json\/wp\/v2\/types\/post"}],"author":[{"embeddable":true,"href":"https:\/\/www.obispadorqta.org.ar\/v3\/wp-json\/wp\/v2\/users\/2"}],"replies":[{"embeddable":true,"href":"https:\/\/www.obispadorqta.org.ar\/v3\/wp-json\/wp\/v2\/comments?post=5357"}],"version-history":[{"count":6,"href":"https:\/\/www.obispadorqta.org.ar\/v3\/wp-json\/wp\/v2\/posts\/5357\/revisions"}],"predecessor-version":[{"id":5365,"href":"https:\/\/www.obispadorqta.org.ar\/v3\/wp-json\/wp\/v2\/posts\/5357\/revisions\/5365"}],"wp:featuredmedia":[{"embeddable":true,"href":"https:\/\/www.obispadorqta.org.ar\/v3\/wp-json\/wp\/v2\/media\/5358"}],"wp:attachment":[{"href":"https:\/\/www.obispadorqta.org.ar\/v3\/wp-json\/wp\/v2\/media?parent=5357"}],"wp:term":[{"taxonomy":"category","embeddable":true,"href":"https:\/\/www.obispadorqta.org.ar\/v3\/wp-json\/wp\/v2\/categories?post=5357"},{"taxonomy":"post_tag","embeddable":true,"href":"https:\/\/www.obispadorqta.org.ar\/v3\/wp-json\/wp\/v2\/tags?post=5357"}],"curies":[{"name":"wp","href":"https:\/\/api.w.org\/{rel}","templated":true}]}}