{"id":5366,"date":"2020-06-02T09:49:00","date_gmt":"2020-06-02T12:49:00","guid":{"rendered":"http:\/\/www.obispadorqta.org.ar\/v3\/?p=5366"},"modified":"2020-06-02T12:36:12","modified_gmt":"2020-06-02T15:36:12","slug":"talleres-de-oracion-y-vida-2","status":"publish","type":"post","link":"https:\/\/www.obispadorqta.org.ar\/v3\/talleres-de-oracion-y-vida-2\/","title":{"rendered":"TALLERES DE ORACI\u00d3N Y VIDA"},"content":{"rendered":"<p style=\"text-align: justify;\">La Coordinaci\u00f3n Local \u201cSanta Clara de As\u00eds\u201d de Reconquista convoca, siguiendo la espiritualidad del P. Ignacio Larra\u00f1aga, a tres propuestas digitales de crecimiento en la oraci\u00f3n y de encuentro con Jes\u00fas.<\/p>\n<p style=\"text-align: justify;\">En un contexto dif\u00edcil consideramos que es una propuesta valiosa, como lo expresa la Coordinadora Internacional Mar\u00eda Eugenia Toro, <em>\u201cen las actuales circunstancias los Retiros y Charlas ser\u00e1n vasos de consolaci\u00f3n ante tanto miedo, ansiedad, incertidumbre, tristeza, ocasionados por esta pandemia universal\u201d<\/em>.<\/p>\n<p style=\"text-align: justify;\">Para m\u00e1s informaci\u00f3n, comunicarse con la Coordinadora Local, Anabela Melina Prez, celular 03482 &#8211; 15678404, o con el Equipo de Coordinaci\u00f3n \u201cSanta Clara de As\u00eds\u201d, de Reconquista, o directamente al obispado.<\/p>\n","protected":false},"excerpt":{"rendered":"<div class=\"mh-excerpt\"><p>La Coordinaci\u00f3n Local \u201cSanta Clara de As\u00eds\u201d de Reconquista convoca, siguiendo la espiritualidad del P. Ignacio Larra\u00f1aga, a tres propuestas digitales de crecimiento en la <a class=\"mh-excerpt-more\" href=\"https:\/\/www.obispadorqta.org.ar\/v3\/talleres-de-oracion-y-vida-2\/\" title=\"TALLERES DE ORACI\u00d3N Y VIDA\">[&#8230;]<\/a><\/p>\n<\/div>","protected":false},"author":2,"featured_media":5367,"comment_status":"closed","ping_status":"open","sticky":false,"template":"","format":"standard","meta":{"footnotes":""},"categories":[6,28],"tags":[],"class_list":["post-5366","post","type-post","status-publish","format-standard","has-post-thumbnail","hentry","category-news","category-latest-news"],"_links":{"self":[{"href":"https:\/\/www.obispadorqta.org.ar\/v3\/wp-json\/wp\/v2\/posts\/5366","targetHints":{"allow":["GET"]}}],"collection":[{"href":"https:\/\/www.obispadorqta.org.ar\/v3\/wp-json\/wp\/v2\/posts"}],"about":[{"href":"https:\/\/www.obispadorqta.org.ar\/v3\/wp-json\/wp\/v2\/types\/post"}],"author":[{"embeddable":true,"href":"https:\/\/www.obispadorqta.org.ar\/v3\/wp-json\/wp\/v2\/users\/2"}],"replies":[{"embeddable":true,"href":"https:\/\/www.obispadorqta.org.ar\/v3\/wp-json\/wp\/v2\/comments?post=5366"}],"version-history":[{"count":2,"href":"https:\/\/www.obispadorqta.org.ar\/v3\/wp-json\/wp\/v2\/posts\/5366\/revisions"}],"predecessor-version":[{"id":5369,"href":"https:\/\/www.obispadorqta.org.ar\/v3\/wp-json\/wp\/v2\/posts\/5366\/revisions\/5369"}],"wp:featuredmedia":[{"embeddable":true,"href":"https:\/\/www.obispadorqta.org.ar\/v3\/wp-json\/wp\/v2\/media\/5367"}],"wp:attachment":[{"href":"https:\/\/www.obispadorqta.org.ar\/v3\/wp-json\/wp\/v2\/media?parent=5366"}],"wp:term":[{"taxonomy":"category","embeddable":true,"href":"https:\/\/www.obispadorqta.org.ar\/v3\/wp-json\/wp\/v2\/categories?post=5366"},{"taxonomy":"post_tag","embeddable":true,"href":"https:\/\/www.obispadorqta.org.ar\/v3\/wp-json\/wp\/v2\/tags?post=5366"}],"curies":[{"name":"wp","href":"https:\/\/api.w.org\/{rel}","templated":true}]}}