{"id":5371,"date":"2020-06-05T09:46:31","date_gmt":"2020-06-05T12:46:31","guid":{"rendered":"http:\/\/www.obispadorqta.org.ar\/v3\/?p=5371"},"modified":"2020-06-05T09:48:15","modified_gmt":"2020-06-05T12:48:15","slug":"campana-de-ayuda-al-seminario","status":"publish","type":"post","link":"https:\/\/www.obispadorqta.org.ar\/v3\/campana-de-ayuda-al-seminario\/","title":{"rendered":"CAMPA\u00d1A DE AYUDA AL SEMINARIO"},"content":{"rendered":"<p style=\"text-align: justify;\"><span style=\"color: #000000;\">Como se viene haciendo cada a\u00f1o, durante el mes de junio, le corresponde a Reconquista hacer la campa\u00f1a de recolecci\u00f3n de alimentos no perecederos para atender a las necesidades de nuestro seminario \u201cLa Encarnaci\u00f3n\u201d.<\/span><\/p>\n<p style=\"text-align: justify;\"><span style=\"color: #000000;\">Dadas las circunstancias del presente a\u00f1o, y las complicaciones para el traslado de mercader\u00edas hacia Resistencia, Chaco, por las restricciones en la circulaci\u00f3n vinculadas a la pandemia del COVID \u2013 19, decidimos hacer la colecta a trav\u00e9s de los aportes que voluntariamente quieran hacer los fieles a un n\u00famero de cuenta de la Di\u00f3cesis, para luego girar el dinero al seminario. <\/span><\/p>\n<p style=\"text-align: left;\"><span style=\"color: #000000;\">Los datos son:<\/span><br \/>\n<strong><span style=\"color: #000000;\">Banco Credicoop<\/span><\/strong><br \/>\n<strong><span style=\"color: #000000;\">Cuit.: 30-52344093-0<\/span><\/strong><br \/>\n<strong><span style=\"color: #000000;\">Cta. Cte.: 191.388.013114.3<\/span><\/strong><br \/>\n<strong><span style=\"color: #000000;\">CBU.: 1910388855038801311432<\/span><\/strong><\/p>\n<p style=\"text-align: justify;\"><span style=\"color: #000000;\">Adem\u00e1s, para aquellos que no manejan habitualmente el uso bancarizado del dinero, o que no quieran hacerlo, podr\u00e1n concurrir a sus parroquias o directamente al obispado. Luego, esos fondos ser\u00e1n remitidos al seminario a trav\u00e9s del obispado y sumados a aquellos recibidos por v\u00eda bancar\u00eda, para ser enviados a su destino final.<\/span><\/p>\n<p style=\"text-align: justify;\"><span style=\"color: #000000;\">Les recuerdo que, adem\u00e1s del aporte material, es muy importante que en este mes oremos especialmente por nuestros seminaristas y por el aumento de vocaciones sacerdotales.<\/span><\/p>\n<p style=\"text-align: justify;\">\n","protected":false},"excerpt":{"rendered":"<div class=\"mh-excerpt\"><p>Como se viene haciendo cada a\u00f1o, durante el mes de junio, le corresponde a Reconquista hacer la campa\u00f1a de recolecci\u00f3n de alimentos no perecederos para <a class=\"mh-excerpt-more\" href=\"https:\/\/www.obispadorqta.org.ar\/v3\/campana-de-ayuda-al-seminario\/\" title=\"CAMPA\u00d1A DE AYUDA AL SEMINARIO\">[&#8230;]<\/a><\/p>\n<\/div>","protected":false},"author":3,"featured_media":5372,"comment_status":"closed","ping_status":"open","sticky":false,"template":"","format":"standard","meta":{"footnotes":""},"categories":[6,28],"tags":[],"class_list":["post-5371","post","type-post","status-publish","format-standard","has-post-thumbnail","hentry","category-news","category-latest-news"],"_links":{"self":[{"href":"https:\/\/www.obispadorqta.org.ar\/v3\/wp-json\/wp\/v2\/posts\/5371","targetHints":{"allow":["GET"]}}],"collection":[{"href":"https:\/\/www.obispadorqta.org.ar\/v3\/wp-json\/wp\/v2\/posts"}],"about":[{"href":"https:\/\/www.obispadorqta.org.ar\/v3\/wp-json\/wp\/v2\/types\/post"}],"author":[{"embeddable":true,"href":"https:\/\/www.obispadorqta.org.ar\/v3\/wp-json\/wp\/v2\/users\/3"}],"replies":[{"embeddable":true,"href":"https:\/\/www.obispadorqta.org.ar\/v3\/wp-json\/wp\/v2\/comments?post=5371"}],"version-history":[{"count":2,"href":"https:\/\/www.obispadorqta.org.ar\/v3\/wp-json\/wp\/v2\/posts\/5371\/revisions"}],"predecessor-version":[{"id":5374,"href":"https:\/\/www.obispadorqta.org.ar\/v3\/wp-json\/wp\/v2\/posts\/5371\/revisions\/5374"}],"wp:featuredmedia":[{"embeddable":true,"href":"https:\/\/www.obispadorqta.org.ar\/v3\/wp-json\/wp\/v2\/media\/5372"}],"wp:attachment":[{"href":"https:\/\/www.obispadorqta.org.ar\/v3\/wp-json\/wp\/v2\/media?parent=5371"}],"wp:term":[{"taxonomy":"category","embeddable":true,"href":"https:\/\/www.obispadorqta.org.ar\/v3\/wp-json\/wp\/v2\/categories?post=5371"},{"taxonomy":"post_tag","embeddable":true,"href":"https:\/\/www.obispadorqta.org.ar\/v3\/wp-json\/wp\/v2\/tags?post=5371"}],"curies":[{"name":"wp","href":"https:\/\/api.w.org\/{rel}","templated":true}]}}