{"id":5375,"date":"2020-06-05T11:03:49","date_gmt":"2020-06-05T14:03:49","guid":{"rendered":"http:\/\/www.obispadorqta.org.ar\/v3\/?p=5375"},"modified":"2023-08-22T11:53:26","modified_gmt":"2023-08-22T14:53:26","slug":"colecta-anual-de-caritas-7","status":"publish","type":"post","link":"https:\/\/www.obispadorqta.org.ar\/v3\/colecta-anual-de-caritas-7\/","title":{"rendered":"COLECTA ANUAL DE CARITAS"},"content":{"rendered":"<h3 style=\"text-align: center;\"><em>\u201c<strong>Tu generosidad aumenta la esperanza\u201d<\/strong><\/em><\/h3>\n<p style=\"text-align: justify;\">El pr\u00f3ximo 13 y 14 de junio se realizar\u00e1 en todo el pa\u00eds la Colecta Anual de C\u00e1ritas, esta vez en un contexto de distanciamiento social y de diversas restricciones preventivas impuestas por la pandemia de Coronavirus.<\/p>\n<p style=\"text-align: justify;\">No obstante, en estos tiempos tan dif\u00edciles donde todos necesitamos de todos, la Colecta es una invitaci\u00f3n concreta para crecer en conciencia social y promover el compromiso ciudadano. Desde esta perspectiva, a pesar del distanciamiento social, el acontecimiento de la Colecta se convierte en una oportunidad privilegiada para el encuentro solidario.<\/p>\n<p style=\"text-align: justify;\">Tal como informamos peri\u00f3dicamente, el dinero recaudado ayudar\u00e1 a sostener durante todo el a\u00f1o, muchos proyectos e iniciativas que tienen por objetivo la promoci\u00f3n humana y la integraci\u00f3n social, que se est\u00e1n desarrollando en m\u00e1s de 3.500 C\u00e1ritas parroquiales de todo el pa\u00eds.<\/p>\n<p style=\"text-align: justify;\">Este a\u00f1o, en particular, la Colecta se convertir\u00e1 en un aporte invalorable para poder sostener el trabajo durante \u201cel d\u00eda despu\u00e9s\u201d de esta emergencia, cuando llegue el tiempo de recomponer entre todos las consecuencias sociales y humanas de la pandemia, acompa\u00f1ando a las personas y familias en su esfuerzo por reconstruir sus vidas. Ser\u00e1 un camino largo para el cual nos estamos preparando.<\/p>\n<p style=\"text-align: justify;\">Porque, cuando pase la emergencia y como sociedad podamos distendernos, cuando lo urgente deje de ocupar el centro de nuestra atenci\u00f3n y se vayan retirando los dispositivos de ayuda inmediata de los barrios m\u00e1s humildes, all\u00ed seguir\u00e1n estando los voluntarios de C\u00e1ritas acompa\u00f1ando a las familias m\u00e1s golpeadas por esta situaci\u00f3n, para brindarles la contenci\u00f3n, la ayuda material y el acompa\u00f1amiento espiritual que tanto esperan. Para eso, precisamente, necesitamos el apoyo solidario de todos en esta Colecta.<\/p>\n","protected":false},"excerpt":{"rendered":"<div class=\"mh-excerpt\"><p>\u201cTu generosidad aumenta la esperanza\u201d El pr\u00f3ximo 13 y 14 de junio se realizar\u00e1 en todo el pa\u00eds la Colecta Anual de C\u00e1ritas, esta vez <a class=\"mh-excerpt-more\" href=\"https:\/\/www.obispadorqta.org.ar\/v3\/colecta-anual-de-caritas-7\/\" title=\"COLECTA ANUAL DE CARITAS\">[&#8230;]<\/a><\/p>\n<\/div>","protected":false},"author":3,"featured_media":5381,"comment_status":"closed","ping_status":"open","sticky":false,"template":"","format":"standard","meta":{"footnotes":""},"categories":[6,28],"tags":[],"class_list":["post-5375","post","type-post","status-publish","format-standard","has-post-thumbnail","hentry","category-news","category-latest-news"],"_links":{"self":[{"href":"https:\/\/www.obispadorqta.org.ar\/v3\/wp-json\/wp\/v2\/posts\/5375","targetHints":{"allow":["GET"]}}],"collection":[{"href":"https:\/\/www.obispadorqta.org.ar\/v3\/wp-json\/wp\/v2\/posts"}],"about":[{"href":"https:\/\/www.obispadorqta.org.ar\/v3\/wp-json\/wp\/v2\/types\/post"}],"author":[{"embeddable":true,"href":"https:\/\/www.obispadorqta.org.ar\/v3\/wp-json\/wp\/v2\/users\/3"}],"replies":[{"embeddable":true,"href":"https:\/\/www.obispadorqta.org.ar\/v3\/wp-json\/wp\/v2\/comments?post=5375"}],"version-history":[{"count":2,"href":"https:\/\/www.obispadorqta.org.ar\/v3\/wp-json\/wp\/v2\/posts\/5375\/revisions"}],"predecessor-version":[{"id":5382,"href":"https:\/\/www.obispadorqta.org.ar\/v3\/wp-json\/wp\/v2\/posts\/5375\/revisions\/5382"}],"wp:featuredmedia":[{"embeddable":true,"href":"https:\/\/www.obispadorqta.org.ar\/v3\/wp-json\/wp\/v2\/media\/5381"}],"wp:attachment":[{"href":"https:\/\/www.obispadorqta.org.ar\/v3\/wp-json\/wp\/v2\/media?parent=5375"}],"wp:term":[{"taxonomy":"category","embeddable":true,"href":"https:\/\/www.obispadorqta.org.ar\/v3\/wp-json\/wp\/v2\/categories?post=5375"},{"taxonomy":"post_tag","embeddable":true,"href":"https:\/\/www.obispadorqta.org.ar\/v3\/wp-json\/wp\/v2\/tags?post=5375"}],"curies":[{"name":"wp","href":"https:\/\/api.w.org\/{rel}","templated":true}]}}