{"id":5389,"date":"2020-06-08T12:56:46","date_gmt":"2020-06-08T15:56:46","guid":{"rendered":"http:\/\/www.obispadorqta.org.ar\/v3\/?p=5389"},"modified":"2020-06-10T11:19:49","modified_gmt":"2020-06-10T14:19:49","slug":"novena-al-sagrado-corazon","status":"publish","type":"post","link":"https:\/\/www.obispadorqta.org.ar\/v3\/novena-al-sagrado-corazon\/","title":{"rendered":"Novena al Sagrado Coraz\u00f3n"},"content":{"rendered":"<p style=\"text-align: justify;\">Pr\u00f3ximos a la celebraci\u00f3n del d\u00eda del Sagrado Coraz\u00f3n de Jes\u00fas, la parroquia hom\u00f3nima de la ciudad de Romang, nos invita a participar de una novena digital en su honor.<\/p>\n<p style=\"text-align: justify;\">La misma comenzar\u00e1 el d\u00eda 10 de junio y contar\u00e1 con diversos momentos los cuales est\u00e1n dirigidos a toda la comunidad diocesana y en especial a aquellas parroquias y capillas que en el contexto de la pandemia, se ven imposibilitadas de realizar las respectivas actividades de conmemoraci\u00f3n a su Santo Patrono.<\/p>\n<p>El programa de la novena es el siguiente:<\/p>\n\n\n<figure class=\"wp-block-image size-large\"><img loading=\"lazy\" decoding=\"async\" width=\"1024\" height=\"1024\" src=\"https:\/\/www.obispadorqta.org.ar\/v3\/wp-content\/uploads\/2020\/06\/IMG-20200608-WA0001-1024x1024.jpg\" alt=\"\" class=\"wp-image-5390\" srcset=\"https:\/\/www.obispadorqta.org.ar\/v3\/wp-content\/uploads\/2020\/06\/IMG-20200608-WA0001-1024x1024.jpg 1024w, https:\/\/www.obispadorqta.org.ar\/v3\/wp-content\/uploads\/2020\/06\/IMG-20200608-WA0001-300x300.jpg 300w, https:\/\/www.obispadorqta.org.ar\/v3\/wp-content\/uploads\/2020\/06\/IMG-20200608-WA0001-150x150.jpg 150w, https:\/\/www.obispadorqta.org.ar\/v3\/wp-content\/uploads\/2020\/06\/IMG-20200608-WA0001-768x768.jpg 768w, https:\/\/www.obispadorqta.org.ar\/v3\/wp-content\/uploads\/2020\/06\/IMG-20200608-WA0001.jpg 1280w\" sizes=\"auto, (max-width: 1024px) 100vw, 1024px\" \/><\/figure>\n\n\n<p>Y los medios de comunicaci\u00f3n para seguirla son:<\/p>\n\n\n<figure class=\"wp-block-image size-large\"><img loading=\"lazy\" decoding=\"async\" width=\"1024\" height=\"1024\" src=\"https:\/\/www.obispadorqta.org.ar\/v3\/wp-content\/uploads\/2020\/06\/IMG-20200608-WA0002-1024x1024.jpg\" alt=\"\" class=\"wp-image-5392\" srcset=\"https:\/\/www.obispadorqta.org.ar\/v3\/wp-content\/uploads\/2020\/06\/IMG-20200608-WA0002-1024x1024.jpg 1024w, https:\/\/www.obispadorqta.org.ar\/v3\/wp-content\/uploads\/2020\/06\/IMG-20200608-WA0002-300x300.jpg 300w, https:\/\/www.obispadorqta.org.ar\/v3\/wp-content\/uploads\/2020\/06\/IMG-20200608-WA0002-150x150.jpg 150w, https:\/\/www.obispadorqta.org.ar\/v3\/wp-content\/uploads\/2020\/06\/IMG-20200608-WA0002-768x768.jpg 768w, https:\/\/www.obispadorqta.org.ar\/v3\/wp-content\/uploads\/2020\/06\/IMG-20200608-WA0002.jpg 1280w\" sizes=\"auto, (max-width: 1024px) 100vw, 1024px\" \/><\/figure>\n\n\n\n<div class=\"wp-block-file\"><a href=\"https:\/\/www.obispadorqta.org.ar\/v3\/wp-content\/uploads\/2020\/06\/NOVENA-PARROQUIAL-EVANGELII-GAUDIUM.docx\">NOVENA-PARROQUIAL-EVANGELII-GAUDIUM<\/a><a href=\"https:\/\/www.obispadorqta.org.ar\/v3\/wp-content\/uploads\/2020\/06\/NOVENA-PARROQUIAL-EVANGELII-GAUDIUM.docx\" class=\"wp-block-file__button\" download>Descarga<\/a><\/div>\n\n\n\n<div class=\"wp-block-file\"><a href=\"https:\/\/www.obispadorqta.org.ar\/v3\/wp-content\/uploads\/2020\/06\/LA-VIDA-DESPUES-DE-LA-PANDEMIA_LIBRO_FRANCISCO_2020.pdf\">LA-VIDA-DESPUES-DE-LA-PANDEMIA_LIBRO_FRANCISCO_2020<\/a><a href=\"https:\/\/www.obispadorqta.org.ar\/v3\/wp-content\/uploads\/2020\/06\/LA-VIDA-DESPUES-DE-LA-PANDEMIA_LIBRO_FRANCISCO_2020.pdf\" class=\"wp-block-file__button\" download>Descarga<\/a><\/div>\n","protected":false},"excerpt":{"rendered":"<div class=\"mh-excerpt\"><p>Pr\u00f3ximos a la celebraci\u00f3n del d\u00eda del Sagrado Coraz\u00f3n de Jes\u00fas, la parroquia hom\u00f3nima de la ciudad de Romang, nos invita a participar de una <a class=\"mh-excerpt-more\" href=\"https:\/\/www.obispadorqta.org.ar\/v3\/novena-al-sagrado-corazon\/\" title=\"Novena al Sagrado Coraz\u00f3n\">[&#8230;]<\/a><\/p>\n<\/div>","protected":false},"author":2,"featured_media":5393,"comment_status":"closed","ping_status":"open","sticky":false,"template":"","format":"standard","meta":{"footnotes":""},"categories":[6,28],"tags":[],"class_list":["post-5389","post","type-post","status-publish","format-standard","has-post-thumbnail","hentry","category-news","category-latest-news"],"_links":{"self":[{"href":"https:\/\/www.obispadorqta.org.ar\/v3\/wp-json\/wp\/v2\/posts\/5389","targetHints":{"allow":["GET"]}}],"collection":[{"href":"https:\/\/www.obispadorqta.org.ar\/v3\/wp-json\/wp\/v2\/posts"}],"about":[{"href":"https:\/\/www.obispadorqta.org.ar\/v3\/wp-json\/wp\/v2\/types\/post"}],"author":[{"embeddable":true,"href":"https:\/\/www.obispadorqta.org.ar\/v3\/wp-json\/wp\/v2\/users\/2"}],"replies":[{"embeddable":true,"href":"https:\/\/www.obispadorqta.org.ar\/v3\/wp-json\/wp\/v2\/comments?post=5389"}],"version-history":[{"count":5,"href":"https:\/\/www.obispadorqta.org.ar\/v3\/wp-json\/wp\/v2\/posts\/5389\/revisions"}],"predecessor-version":[{"id":5399,"href":"https:\/\/www.obispadorqta.org.ar\/v3\/wp-json\/wp\/v2\/posts\/5389\/revisions\/5399"}],"wp:featuredmedia":[{"embeddable":true,"href":"https:\/\/www.obispadorqta.org.ar\/v3\/wp-json\/wp\/v2\/media\/5393"}],"wp:attachment":[{"href":"https:\/\/www.obispadorqta.org.ar\/v3\/wp-json\/wp\/v2\/media?parent=5389"}],"wp:term":[{"taxonomy":"category","embeddable":true,"href":"https:\/\/www.obispadorqta.org.ar\/v3\/wp-json\/wp\/v2\/categories?post=5389"},{"taxonomy":"post_tag","embeddable":true,"href":"https:\/\/www.obispadorqta.org.ar\/v3\/wp-json\/wp\/v2\/tags?post=5389"}],"curies":[{"name":"wp","href":"https:\/\/api.w.org\/{rel}","templated":true}]}}