{"id":5401,"date":"2020-06-16T15:11:45","date_gmt":"2020-06-16T18:11:45","guid":{"rendered":"http:\/\/www.obispadorqta.org.ar\/v3\/?p=5401"},"modified":"2020-06-17T09:22:06","modified_gmt":"2020-06-17T12:22:06","slug":"ciclo-de-conferencias-querida-amazonia","status":"publish","type":"post","link":"https:\/\/www.obispadorqta.org.ar\/v3\/ciclo-de-conferencias-querida-amazonia\/","title":{"rendered":"Ciclo de conferencias, \u201cQuerida Amazon\u00eda\u201d"},"content":{"rendered":"<p style=\"text-align: justify;\">Desde el Obispado de Reconquista, hacemos extensiva la invitaci\u00f3n a participar del ciclo de conferencias \u201cQuerida Amazon\u00eda\u201d, el cual se llevara a cabo los d\u00edas jueves, y contar\u00e1 con 7 encuentros virtuales, comenzando este jueves 18 de junio a las 19 hs., con la disertaci\u00f3n de nuestro Obispo Diocesano, Mons. Dr. \u00c1ngel Jos\u00e9 Mac\u00edn.<\/p>\n<p style=\"text-align: justify;\">El ciclo de conferencias se transmitir\u00e1 a trav\u00e9s de Zoom y de Radio Amanecer.<\/p>\n\n\n<figure class=\"wp-block-embed-youtube wp-block-embed is-type-video is-provider-youtube wp-embed-aspect-16-9 wp-has-aspect-ratio\"><div class=\"wp-block-embed__wrapper\">\n<iframe loading=\"lazy\" title=\"Ciclo de conferencias\" width=\"500\" height=\"281\" src=\"https:\/\/www.youtube.com\/embed\/drq_Rk6sL2o?feature=oembed\" frameborder=\"0\" allow=\"accelerometer; autoplay; clipboard-write; encrypted-media; gyroscope; picture-in-picture; web-share\" referrerpolicy=\"strict-origin-when-cross-origin\" allowfullscreen><\/iframe>\n<\/div><\/figure>\n","protected":false},"excerpt":{"rendered":"<div class=\"mh-excerpt\"><p>Desde el Obispado de Reconquista, hacemos extensiva la invitaci\u00f3n a participar del ciclo de conferencias \u201cQuerida Amazon\u00eda\u201d, el cual se llevara a cabo los d\u00edas <a class=\"mh-excerpt-more\" href=\"https:\/\/www.obispadorqta.org.ar\/v3\/ciclo-de-conferencias-querida-amazonia\/\" title=\"Ciclo de conferencias, \u201cQuerida Amazon\u00eda\u201d\">[&#8230;]<\/a><\/p>\n<\/div>","protected":false},"author":2,"featured_media":5493,"comment_status":"closed","ping_status":"open","sticky":false,"template":"","format":"standard","meta":{"footnotes":""},"categories":[1],"tags":[],"class_list":["post-5401","post","type-post","status-publish","format-standard","has-post-thumbnail","hentry","category-sin-categoria"],"_links":{"self":[{"href":"https:\/\/www.obispadorqta.org.ar\/v3\/wp-json\/wp\/v2\/posts\/5401","targetHints":{"allow":["GET"]}}],"collection":[{"href":"https:\/\/www.obispadorqta.org.ar\/v3\/wp-json\/wp\/v2\/posts"}],"about":[{"href":"https:\/\/www.obispadorqta.org.ar\/v3\/wp-json\/wp\/v2\/types\/post"}],"author":[{"embeddable":true,"href":"https:\/\/www.obispadorqta.org.ar\/v3\/wp-json\/wp\/v2\/users\/2"}],"replies":[{"embeddable":true,"href":"https:\/\/www.obispadorqta.org.ar\/v3\/wp-json\/wp\/v2\/comments?post=5401"}],"version-history":[{"count":5,"href":"https:\/\/www.obispadorqta.org.ar\/v3\/wp-json\/wp\/v2\/posts\/5401\/revisions"}],"predecessor-version":[{"id":5490,"href":"https:\/\/www.obispadorqta.org.ar\/v3\/wp-json\/wp\/v2\/posts\/5401\/revisions\/5490"}],"wp:featuredmedia":[{"embeddable":true,"href":"https:\/\/www.obispadorqta.org.ar\/v3\/wp-json\/wp\/v2\/media\/5493"}],"wp:attachment":[{"href":"https:\/\/www.obispadorqta.org.ar\/v3\/wp-json\/wp\/v2\/media?parent=5401"}],"wp:term":[{"taxonomy":"category","embeddable":true,"href":"https:\/\/www.obispadorqta.org.ar\/v3\/wp-json\/wp\/v2\/categories?post=5401"},{"taxonomy":"post_tag","embeddable":true,"href":"https:\/\/www.obispadorqta.org.ar\/v3\/wp-json\/wp\/v2\/tags?post=5401"}],"curies":[{"name":"wp","href":"https:\/\/api.w.org\/{rel}","templated":true}]}}