{"id":5495,"date":"2020-06-18T12:14:17","date_gmt":"2020-06-18T15:14:17","guid":{"rendered":"http:\/\/www.obispadorqta.org.ar\/v3\/?p=5495"},"modified":"2023-08-22T11:53:18","modified_gmt":"2023-08-22T14:53:18","slug":"fiesta-del-sagrado-corazon-de-jesus-2","status":"publish","type":"post","link":"https:\/\/www.obispadorqta.org.ar\/v3\/fiesta-del-sagrado-corazon-de-jesus-2\/","title":{"rendered":"Fiesta del Sagrado Coraz\u00f3n de Jes\u00fas"},"content":{"rendered":"<p style=\"text-align: justify;\">En ocasi\u00f3n de celebrarse ma\u00f1ana 19 de junio la Fiesta del Sagrado Coraz\u00f3n de Jes\u00fas, el obispo Diocesano Mons. \u00c1ngel Jos\u00e9 Mac\u00edn, presidir\u00e1 la celebraci\u00f3n eucar\u00edstica en el Templo Parroquial \u201cSagrado Coraz\u00f3n de Jes\u00fas\u201d de Romang a las 19 hs.<\/p>\n<p style=\"text-align: justify;\">La celebraci\u00f3n ser\u00e1 trasmitida en vivo y en directo por el Canal LTV &#8211; Playcom.<\/p>\n<p style=\"text-align: justify;\">Los invitamos a sumarse a\u00a0 esta fiesta, la que nos recuerda que Cristo est\u00e1 siempre vivo, nos ama, se ofrece a nosotros como fuente de misericordia, de perd\u00f3n, de redenci\u00f3n.<\/p>\n\n\n<figure class=\"wp-block-video\"><video height=\"640\" style=\"aspect-ratio: 640 \/ 640;\" width=\"640\" controls poster=\"\" src=\"https:\/\/www.obispadorqta.org.ar\/v3\/wp-content\/uploads\/2020\/06\/VID-20200616-WA0016.mp4\"><\/video><\/figure>\n","protected":false},"excerpt":{"rendered":"<div class=\"mh-excerpt\"><p>En ocasi\u00f3n de celebrarse ma\u00f1ana 19 de junio la Fiesta del Sagrado Coraz\u00f3n de Jes\u00fas, el obispo Diocesano Mons. \u00c1ngel Jos\u00e9 Mac\u00edn, presidir\u00e1 la celebraci\u00f3n <a class=\"mh-excerpt-more\" href=\"https:\/\/www.obispadorqta.org.ar\/v3\/fiesta-del-sagrado-corazon-de-jesus-2\/\" title=\"Fiesta del Sagrado Coraz\u00f3n de Jes\u00fas\">[&#8230;]<\/a><\/p>\n<\/div>","protected":false},"author":3,"featured_media":5499,"comment_status":"closed","ping_status":"open","sticky":false,"template":"","format":"standard","meta":{"footnotes":""},"categories":[6,28],"tags":[],"class_list":["post-5495","post","type-post","status-publish","format-standard","has-post-thumbnail","hentry","category-news","category-latest-news"],"_links":{"self":[{"href":"https:\/\/www.obispadorqta.org.ar\/v3\/wp-json\/wp\/v2\/posts\/5495","targetHints":{"allow":["GET"]}}],"collection":[{"href":"https:\/\/www.obispadorqta.org.ar\/v3\/wp-json\/wp\/v2\/posts"}],"about":[{"href":"https:\/\/www.obispadorqta.org.ar\/v3\/wp-json\/wp\/v2\/types\/post"}],"author":[{"embeddable":true,"href":"https:\/\/www.obispadorqta.org.ar\/v3\/wp-json\/wp\/v2\/users\/3"}],"replies":[{"embeddable":true,"href":"https:\/\/www.obispadorqta.org.ar\/v3\/wp-json\/wp\/v2\/comments?post=5495"}],"version-history":[{"count":4,"href":"https:\/\/www.obispadorqta.org.ar\/v3\/wp-json\/wp\/v2\/posts\/5495\/revisions"}],"predecessor-version":[{"id":5504,"href":"https:\/\/www.obispadorqta.org.ar\/v3\/wp-json\/wp\/v2\/posts\/5495\/revisions\/5504"}],"wp:featuredmedia":[{"embeddable":true,"href":"https:\/\/www.obispadorqta.org.ar\/v3\/wp-json\/wp\/v2\/media\/5499"}],"wp:attachment":[{"href":"https:\/\/www.obispadorqta.org.ar\/v3\/wp-json\/wp\/v2\/media?parent=5495"}],"wp:term":[{"taxonomy":"category","embeddable":true,"href":"https:\/\/www.obispadorqta.org.ar\/v3\/wp-json\/wp\/v2\/categories?post=5495"},{"taxonomy":"post_tag","embeddable":true,"href":"https:\/\/www.obispadorqta.org.ar\/v3\/wp-json\/wp\/v2\/tags?post=5495"}],"curies":[{"name":"wp","href":"https:\/\/api.w.org\/{rel}","templated":true}]}}