{"id":5506,"date":"2020-06-20T10:37:55","date_gmt":"2020-06-20T13:37:55","guid":{"rendered":"http:\/\/www.obispadorqta.org.ar\/v3\/?p=5506"},"modified":"2020-06-20T10:38:06","modified_gmt":"2020-06-20T13:38:06","slug":"fiesta-patronal-san-luis-gonzaga","status":"publish","type":"post","link":"https:\/\/www.obispadorqta.org.ar\/v3\/fiesta-patronal-san-luis-gonzaga\/","title":{"rendered":"Fiesta Patronal \u201cSan Luis Gonzaga\u201d"},"content":{"rendered":"<p style=\"text-align: justify;\">El domingo 21 a las 18 hs., se celebrar\u00e1 la Santa Misa, presidida por el Obispo Diocesano, Mons, \u00c1ngel Jos\u00e9 Mac\u00edn, en la sede de la parroquia \u201cSan Luis Gonzaga\u201d de Calchaqu\u00ed, en honor a su Santo Patrono.<\/p>\n<p style=\"text-align: justify;\">La misma ser\u00e1 transmitida por los medios digitales que compartimos a continuaci\u00f3n:<\/p>\n\n\n<figure class=\"wp-block-image size-large\"><img loading=\"lazy\" decoding=\"async\" width=\"1024\" height=\"614\" src=\"https:\/\/www.obispadorqta.org.ar\/v3\/wp-content\/uploads\/2020\/06\/IMG-20200620-WA0000-1024x614.jpg\" alt=\"\" class=\"wp-image-5508\" srcset=\"https:\/\/www.obispadorqta.org.ar\/v3\/wp-content\/uploads\/2020\/06\/IMG-20200620-WA0000-1024x614.jpg 1024w, https:\/\/www.obispadorqta.org.ar\/v3\/wp-content\/uploads\/2020\/06\/IMG-20200620-WA0000-300x180.jpg 300w, https:\/\/www.obispadorqta.org.ar\/v3\/wp-content\/uploads\/2020\/06\/IMG-20200620-WA0000-768x461.jpg 768w, https:\/\/www.obispadorqta.org.ar\/v3\/wp-content\/uploads\/2020\/06\/IMG-20200620-WA0000.jpg 1280w\" sizes=\"auto, (max-width: 1024px) 100vw, 1024px\" \/><\/figure>\n","protected":false},"excerpt":{"rendered":"<div class=\"mh-excerpt\"><p>El domingo 21 a las 18 hs., se celebrar\u00e1 la Santa Misa, presidida por el Obispo Diocesano, Mons, \u00c1ngel Jos\u00e9 Mac\u00edn, en la sede de <a class=\"mh-excerpt-more\" href=\"https:\/\/www.obispadorqta.org.ar\/v3\/fiesta-patronal-san-luis-gonzaga\/\" title=\"Fiesta Patronal \u201cSan Luis Gonzaga\u201d\">[&#8230;]<\/a><\/p>\n<\/div>","protected":false},"author":2,"featured_media":5510,"comment_status":"closed","ping_status":"open","sticky":false,"template":"","format":"standard","meta":{"footnotes":""},"categories":[6,28],"tags":[],"class_list":["post-5506","post","type-post","status-publish","format-standard","has-post-thumbnail","hentry","category-news","category-latest-news"],"_links":{"self":[{"href":"https:\/\/www.obispadorqta.org.ar\/v3\/wp-json\/wp\/v2\/posts\/5506","targetHints":{"allow":["GET"]}}],"collection":[{"href":"https:\/\/www.obispadorqta.org.ar\/v3\/wp-json\/wp\/v2\/posts"}],"about":[{"href":"https:\/\/www.obispadorqta.org.ar\/v3\/wp-json\/wp\/v2\/types\/post"}],"author":[{"embeddable":true,"href":"https:\/\/www.obispadorqta.org.ar\/v3\/wp-json\/wp\/v2\/users\/2"}],"replies":[{"embeddable":true,"href":"https:\/\/www.obispadorqta.org.ar\/v3\/wp-json\/wp\/v2\/comments?post=5506"}],"version-history":[{"count":3,"href":"https:\/\/www.obispadorqta.org.ar\/v3\/wp-json\/wp\/v2\/posts\/5506\/revisions"}],"predecessor-version":[{"id":5512,"href":"https:\/\/www.obispadorqta.org.ar\/v3\/wp-json\/wp\/v2\/posts\/5506\/revisions\/5512"}],"wp:featuredmedia":[{"embeddable":true,"href":"https:\/\/www.obispadorqta.org.ar\/v3\/wp-json\/wp\/v2\/media\/5510"}],"wp:attachment":[{"href":"https:\/\/www.obispadorqta.org.ar\/v3\/wp-json\/wp\/v2\/media?parent=5506"}],"wp:term":[{"taxonomy":"category","embeddable":true,"href":"https:\/\/www.obispadorqta.org.ar\/v3\/wp-json\/wp\/v2\/categories?post=5506"},{"taxonomy":"post_tag","embeddable":true,"href":"https:\/\/www.obispadorqta.org.ar\/v3\/wp-json\/wp\/v2\/tags?post=5506"}],"curies":[{"name":"wp","href":"https:\/\/api.w.org\/{rel}","templated":true}]}}