{"id":5514,"date":"2020-06-24T11:31:23","date_gmt":"2020-06-24T14:31:23","guid":{"rendered":"http:\/\/www.obispadorqta.org.ar\/v3\/?p=5514"},"modified":"2020-06-24T12:01:37","modified_gmt":"2020-06-24T15:01:37","slug":"maraton-virtual-tu-vida-vale","status":"publish","type":"post","link":"https:\/\/www.obispadorqta.org.ar\/v3\/maraton-virtual-tu-vida-vale\/","title":{"rendered":"Marat\u00f3n Virtual \u00abT\u00fa Vida Vale\u00bb"},"content":{"rendered":"<p style=\"text-align: justify;\"><span style=\"color: #000000;\">Con motivo del <em><strong>D\u00eda Internacional de la Lucha contra el Uso Indebido y el Tr\u00e1fico Il\u00edcito de Drogas<\/strong><\/em>, que se conmemora el 26 de junio, la Pastoral de Adicciones de la Di\u00f3cesis de Reconquista, invita a unirse a la marat\u00f3n virtual en comuni\u00f3n con los diez obispos del NEA (Nordeste Argentino), llevar\u00e1 por lema \u00abTu vida vale\u00bb.<\/span><\/p>\n<p style=\"text-align: justify;\"><span style=\"color: #000000;\">La misa ser\u00e1 presidida por el Padre N\u00e9stor Vera, Asesor Diocesano de la Pastoral de Adicciones,\u00a0 a las 9:00 hs. Se transmitir\u00e1 por las redes sociales de la <\/span><span style=\"color: #000000;\"><strong>Pastoral de adicciones regi\u00f3n NEA<\/strong> y <\/span><strong><span style=\"color: #000000;\">Asociaci\u00f3n Civil El Buen Samaritano<\/span><\/strong><\/p>\n\n\n<figure class=\"wp-block-image size-large\"><img loading=\"lazy\" decoding=\"async\" width=\"432\" height=\"541\" src=\"https:\/\/www.obispadorqta.org.ar\/v3\/wp-content\/uploads\/2020\/06\/IMG-20200623-WA0016-1.jpg\" alt=\"\" class=\"wp-image-5524\" srcset=\"https:\/\/www.obispadorqta.org.ar\/v3\/wp-content\/uploads\/2020\/06\/IMG-20200623-WA0016-1.jpg 432w, https:\/\/www.obispadorqta.org.ar\/v3\/wp-content\/uploads\/2020\/06\/IMG-20200623-WA0016-1-240x300.jpg 240w\" sizes=\"auto, (max-width: 432px) 100vw, 432px\" \/><\/figure>\n\n\n\n<figure class=\"wp-block-image size-large\"><img loading=\"lazy\" decoding=\"async\" width=\"629\" height=\"841\" src=\"https:\/\/www.obispadorqta.org.ar\/v3\/wp-content\/uploads\/2020\/06\/IMG-20200623-WA0015-3.jpg\" alt=\"\" class=\"wp-image-5521\" srcset=\"https:\/\/www.obispadorqta.org.ar\/v3\/wp-content\/uploads\/2020\/06\/IMG-20200623-WA0015-3.jpg 629w, https:\/\/www.obispadorqta.org.ar\/v3\/wp-content\/uploads\/2020\/06\/IMG-20200623-WA0015-3-224x300.jpg 224w\" sizes=\"auto, (max-width: 629px) 100vw, 629px\" \/><\/figure>\n","protected":false},"excerpt":{"rendered":"<div class=\"mh-excerpt\"><p>Con motivo del D\u00eda Internacional de la Lucha contra el Uso Indebido y el Tr\u00e1fico Il\u00edcito de Drogas, que se conmemora el 26 de junio, <a class=\"mh-excerpt-more\" href=\"https:\/\/www.obispadorqta.org.ar\/v3\/maraton-virtual-tu-vida-vale\/\" title=\"Marat\u00f3n Virtual \u00abT\u00fa Vida Vale\u00bb\">[&#8230;]<\/a><\/p>\n<\/div>","protected":false},"author":3,"featured_media":5519,"comment_status":"closed","ping_status":"open","sticky":false,"template":"","format":"standard","meta":{"footnotes":""},"categories":[6,28],"tags":[],"class_list":["post-5514","post","type-post","status-publish","format-standard","has-post-thumbnail","hentry","category-news","category-latest-news"],"_links":{"self":[{"href":"https:\/\/www.obispadorqta.org.ar\/v3\/wp-json\/wp\/v2\/posts\/5514","targetHints":{"allow":["GET"]}}],"collection":[{"href":"https:\/\/www.obispadorqta.org.ar\/v3\/wp-json\/wp\/v2\/posts"}],"about":[{"href":"https:\/\/www.obispadorqta.org.ar\/v3\/wp-json\/wp\/v2\/types\/post"}],"author":[{"embeddable":true,"href":"https:\/\/www.obispadorqta.org.ar\/v3\/wp-json\/wp\/v2\/users\/3"}],"replies":[{"embeddable":true,"href":"https:\/\/www.obispadorqta.org.ar\/v3\/wp-json\/wp\/v2\/comments?post=5514"}],"version-history":[{"count":4,"href":"https:\/\/www.obispadorqta.org.ar\/v3\/wp-json\/wp\/v2\/posts\/5514\/revisions"}],"predecessor-version":[{"id":5526,"href":"https:\/\/www.obispadorqta.org.ar\/v3\/wp-json\/wp\/v2\/posts\/5514\/revisions\/5526"}],"wp:featuredmedia":[{"embeddable":true,"href":"https:\/\/www.obispadorqta.org.ar\/v3\/wp-json\/wp\/v2\/media\/5519"}],"wp:attachment":[{"href":"https:\/\/www.obispadorqta.org.ar\/v3\/wp-json\/wp\/v2\/media?parent=5514"}],"wp:term":[{"taxonomy":"category","embeddable":true,"href":"https:\/\/www.obispadorqta.org.ar\/v3\/wp-json\/wp\/v2\/categories?post=5514"},{"taxonomy":"post_tag","embeddable":true,"href":"https:\/\/www.obispadorqta.org.ar\/v3\/wp-json\/wp\/v2\/tags?post=5514"}],"curies":[{"name":"wp","href":"https:\/\/api.w.org\/{rel}","templated":true}]}}