{"id":5527,"date":"2020-06-25T08:58:32","date_gmt":"2020-06-25T11:58:32","guid":{"rendered":"http:\/\/www.obispadorqta.org.ar\/v3\/?p=5527"},"modified":"2020-06-25T10:21:48","modified_gmt":"2020-06-25T13:21:48","slug":"sacerdote-concluye-con-exito-sus-estudios-en-italia","status":"publish","type":"post","link":"https:\/\/www.obispadorqta.org.ar\/v3\/sacerdote-concluye-con-exito-sus-estudios-en-italia\/","title":{"rendered":"Sacerdote concluye con \u00e9xito sus estudios en Italia"},"content":{"rendered":"<p style=\"text-align: justify;\">Con inmensa alegr\u00eda, informamos que en el d\u00eda de la fecha, el Pbro. Juan Jos\u00e9 Delarossa ha culminado sus estudios luego de llevar a cabo con \u00e9xito la defensa de su tesis en la Pontificia Universidad Gregoriana, en Italia.<\/p>\n<p style=\"text-align: justify;\">El Pbro. Juan Jos\u00e9 Delarossa se encontraba realizando la Licenciatura en Teolog\u00eda Fundamental (fundamentos de la Fe, principios de la Teolog\u00eda, di\u00e1logo de la Teolog\u00eda con otras ciencias, etc.) en dicha universidad, desde mediados del a\u00f1o 2018, como parte del camino de formaci\u00f3n permanente de los sacerdotes de la di\u00f3cesis de Reconquista.<\/p>\n","protected":false},"excerpt":{"rendered":"<div class=\"mh-excerpt\"><p>Con inmensa alegr\u00eda, informamos que en el d\u00eda de la fecha, el Pbro. Juan Jos\u00e9 Delarossa ha culminado sus estudios luego de llevar a cabo <a class=\"mh-excerpt-more\" href=\"https:\/\/www.obispadorqta.org.ar\/v3\/sacerdote-concluye-con-exito-sus-estudios-en-italia\/\" title=\"Sacerdote concluye con \u00e9xito sus estudios en Italia\">[&#8230;]<\/a><\/p>\n<\/div>","protected":false},"author":2,"featured_media":5531,"comment_status":"closed","ping_status":"open","sticky":false,"template":"","format":"standard","meta":{"footnotes":""},"categories":[6,28],"tags":[],"class_list":["post-5527","post","type-post","status-publish","format-standard","has-post-thumbnail","hentry","category-news","category-latest-news"],"_links":{"self":[{"href":"https:\/\/www.obispadorqta.org.ar\/v3\/wp-json\/wp\/v2\/posts\/5527","targetHints":{"allow":["GET"]}}],"collection":[{"href":"https:\/\/www.obispadorqta.org.ar\/v3\/wp-json\/wp\/v2\/posts"}],"about":[{"href":"https:\/\/www.obispadorqta.org.ar\/v3\/wp-json\/wp\/v2\/types\/post"}],"author":[{"embeddable":true,"href":"https:\/\/www.obispadorqta.org.ar\/v3\/wp-json\/wp\/v2\/users\/2"}],"replies":[{"embeddable":true,"href":"https:\/\/www.obispadorqta.org.ar\/v3\/wp-json\/wp\/v2\/comments?post=5527"}],"version-history":[{"count":4,"href":"https:\/\/www.obispadorqta.org.ar\/v3\/wp-json\/wp\/v2\/posts\/5527\/revisions"}],"predecessor-version":[{"id":5534,"href":"https:\/\/www.obispadorqta.org.ar\/v3\/wp-json\/wp\/v2\/posts\/5527\/revisions\/5534"}],"wp:featuredmedia":[{"embeddable":true,"href":"https:\/\/www.obispadorqta.org.ar\/v3\/wp-json\/wp\/v2\/media\/5531"}],"wp:attachment":[{"href":"https:\/\/www.obispadorqta.org.ar\/v3\/wp-json\/wp\/v2\/media?parent=5527"}],"wp:term":[{"taxonomy":"category","embeddable":true,"href":"https:\/\/www.obispadorqta.org.ar\/v3\/wp-json\/wp\/v2\/categories?post=5527"},{"taxonomy":"post_tag","embeddable":true,"href":"https:\/\/www.obispadorqta.org.ar\/v3\/wp-json\/wp\/v2\/tags?post=5527"}],"curies":[{"name":"wp","href":"https:\/\/api.w.org\/{rel}","templated":true}]}}