{"id":5686,"date":"2020-08-20T21:08:01","date_gmt":"2020-08-21T00:08:01","guid":{"rendered":"http:\/\/www.obispadorqta.org.ar\/v3\/?p=5686"},"modified":"2023-08-22T11:53:11","modified_gmt":"2023-08-22T14:53:11","slug":"feliz-dia-del-catequista","status":"publish","type":"post","link":"https:\/\/www.obispadorqta.org.ar\/v3\/feliz-dia-del-catequista\/","title":{"rendered":"FELIZ DIA DEL CATEQUISTA!"},"content":{"rendered":"<p style=\"text-align: justify;\">Con ocasi\u00f3n de celebrarse el 21 de agosto la memoria de San Pio X, patrono de los catequistas, el obispo diocesano, Mons. \u00c1ngel Jos\u00e9 Mac\u00edn saluda a todos los catequistas de la Di\u00f3cesis con un breve mensaje:<\/p>\n<p style=\"text-align: justify;\">\u00abHermanas y hermanos catequistas:<br \/>\nLeemos en 2 Tim 4: <em>&#8216;proclama la Palabra de Dios, insiste con ocasi\u00f3n o sin ella&#8230;con paciencia incansable y con intenci\u00f3n de ense\u00f1ar&#8217;.<\/em><\/p>\n<p style=\"text-align: justify;\">Me parecen expresiones muy apropiadas para saludar a los catequistas en su d\u00eda, invit\u00e1ndolos a agradecer a Dios por el llamado recibido, y por la misi\u00f3n confiada. En efecto, el catequista es eco de la Palabra de Dios, y tiene que estar dispuesto a dejar que resuene la voz de Dios en toda ocasi\u00f3n, sea o no favorable.<\/p>\n<p style=\"text-align: justify;\">Tambi\u00e9n este tiempo in\u00e9dito de Pandemia es ocasi\u00f3n para que el catequista renueve y fortalezca su misi\u00f3n, siendo creativo en el modo de acercar el mensaje.<\/p>\n<p style=\"text-align: justify;\">La paciencia es otra de las virtudes requeridas para un buen catequista, prolongaci\u00f3n de la paciencia que el Se\u00f1or tiene con nosotros.<br \/>\nY su intenci\u00f3n, su motivaci\u00f3n permanente tiene que ser la ense\u00f1anza de la doctrina que brota de la Palabra de Dios.<\/p>\n<p style=\"text-align: justify;\">Les deseo que vivan este d\u00eda con coraz\u00f3n agradecido, y que Dios los bendiga con los dones de la paciencia, la perseverancia y la valent\u00eda. Gracias por el servicio que despliegan en la Iglesia\u00bb.<\/p>\n<p style=\"text-align: right;\">+ Mons. \u00c1ngel Jos\u00e9 Mac\u00edn<br \/>\nObispo de Reconquista<\/p>\n","protected":false},"excerpt":{"rendered":"<div class=\"mh-excerpt\"><p>Con ocasi\u00f3n de celebrarse el 21 de agosto la memoria de San Pio X, patrono de los catequistas, el obispo diocesano, Mons. \u00c1ngel Jos\u00e9 Mac\u00edn <a class=\"mh-excerpt-more\" href=\"https:\/\/www.obispadorqta.org.ar\/v3\/feliz-dia-del-catequista\/\" title=\"FELIZ DIA DEL CATEQUISTA!\">[&#8230;]<\/a><\/p>\n<\/div>","protected":false},"author":3,"featured_media":5702,"comment_status":"closed","ping_status":"open","sticky":false,"template":"","format":"standard","meta":{"footnotes":""},"categories":[6,28],"tags":[],"class_list":["post-5686","post","type-post","status-publish","format-standard","has-post-thumbnail","hentry","category-news","category-latest-news"],"_links":{"self":[{"href":"https:\/\/www.obispadorqta.org.ar\/v3\/wp-json\/wp\/v2\/posts\/5686","targetHints":{"allow":["GET"]}}],"collection":[{"href":"https:\/\/www.obispadorqta.org.ar\/v3\/wp-json\/wp\/v2\/posts"}],"about":[{"href":"https:\/\/www.obispadorqta.org.ar\/v3\/wp-json\/wp\/v2\/types\/post"}],"author":[{"embeddable":true,"href":"https:\/\/www.obispadorqta.org.ar\/v3\/wp-json\/wp\/v2\/users\/3"}],"replies":[{"embeddable":true,"href":"https:\/\/www.obispadorqta.org.ar\/v3\/wp-json\/wp\/v2\/comments?post=5686"}],"version-history":[{"count":11,"href":"https:\/\/www.obispadorqta.org.ar\/v3\/wp-json\/wp\/v2\/posts\/5686\/revisions"}],"predecessor-version":[{"id":5700,"href":"https:\/\/www.obispadorqta.org.ar\/v3\/wp-json\/wp\/v2\/posts\/5686\/revisions\/5700"}],"wp:featuredmedia":[{"embeddable":true,"href":"https:\/\/www.obispadorqta.org.ar\/v3\/wp-json\/wp\/v2\/media\/5702"}],"wp:attachment":[{"href":"https:\/\/www.obispadorqta.org.ar\/v3\/wp-json\/wp\/v2\/media?parent=5686"}],"wp:term":[{"taxonomy":"category","embeddable":true,"href":"https:\/\/www.obispadorqta.org.ar\/v3\/wp-json\/wp\/v2\/categories?post=5686"},{"taxonomy":"post_tag","embeddable":true,"href":"https:\/\/www.obispadorqta.org.ar\/v3\/wp-json\/wp\/v2\/tags?post=5686"}],"curies":[{"name":"wp","href":"https:\/\/api.w.org\/{rel}","templated":true}]}}