{"id":5705,"date":"2020-09-01T10:53:30","date_gmt":"2020-09-01T13:53:30","guid":{"rendered":"http:\/\/www.obispadorqta.org.ar\/v3\/?p=5705"},"modified":"2020-09-01T10:56:04","modified_gmt":"2020-09-01T13:56:04","slug":"jubileo-por-la-tierra","status":"publish","type":"post","link":"https:\/\/www.obispadorqta.org.ar\/v3\/jubileo-por-la-tierra\/","title":{"rendered":"JUBILEO POR LA TIERRA"},"content":{"rendered":"<p style=\"text-align: justify;\">Hoy 1 de septiembre, bajo el lema \u201cJubileo por la Tierra\u201d, celebramos la Jornada Mundial de Oraci\u00f3n por el cuidado de la creaci\u00f3n, que instauro el Papa Francisco.<\/p>\n<p style=\"text-align: justify;\">Este a\u00f1o nos invita a prolongar este tiempo de Oraci\u00f3n un poco m\u00e1s, por eso vamos a participar todo el mes de actividades que tienen relaci\u00f3n con el cuidado de la Casa Com\u00fan.<\/p>\n<p style=\"text-align: justify;\">Los invitamos a rezar y reflexionar sobre nuestro estilo de vida, para lograr juntos la verdadera conversi\u00f3n ecol\u00f3gica que necesitamos.<\/p>\n\n\n<figure class=\"wp-block-video\"><video height=\"224\" style=\"aspect-ratio: 400 \/ 224;\" width=\"400\" controls src=\"https:\/\/www.obispadorqta.org.ar\/v3\/wp-content\/uploads\/2020\/09\/VID-20200901-WA0034.mp4\"><\/video><\/figure>\n","protected":false},"excerpt":{"rendered":"<div class=\"mh-excerpt\"><p>Hoy 1 de septiembre, bajo el lema \u201cJubileo por la Tierra\u201d, celebramos la Jornada Mundial de Oraci\u00f3n por el cuidado de la creaci\u00f3n, que instauro <a class=\"mh-excerpt-more\" href=\"https:\/\/www.obispadorqta.org.ar\/v3\/jubileo-por-la-tierra\/\" title=\"JUBILEO POR LA TIERRA\">[&#8230;]<\/a><\/p>\n<\/div>","protected":false},"author":3,"featured_media":5706,"comment_status":"closed","ping_status":"open","sticky":false,"template":"","format":"standard","meta":{"footnotes":""},"categories":[6,28],"tags":[],"class_list":["post-5705","post","type-post","status-publish","format-standard","has-post-thumbnail","hentry","category-news","category-latest-news"],"_links":{"self":[{"href":"https:\/\/www.obispadorqta.org.ar\/v3\/wp-json\/wp\/v2\/posts\/5705","targetHints":{"allow":["GET"]}}],"collection":[{"href":"https:\/\/www.obispadorqta.org.ar\/v3\/wp-json\/wp\/v2\/posts"}],"about":[{"href":"https:\/\/www.obispadorqta.org.ar\/v3\/wp-json\/wp\/v2\/types\/post"}],"author":[{"embeddable":true,"href":"https:\/\/www.obispadorqta.org.ar\/v3\/wp-json\/wp\/v2\/users\/3"}],"replies":[{"embeddable":true,"href":"https:\/\/www.obispadorqta.org.ar\/v3\/wp-json\/wp\/v2\/comments?post=5705"}],"version-history":[{"count":1,"href":"https:\/\/www.obispadorqta.org.ar\/v3\/wp-json\/wp\/v2\/posts\/5705\/revisions"}],"predecessor-version":[{"id":5708,"href":"https:\/\/www.obispadorqta.org.ar\/v3\/wp-json\/wp\/v2\/posts\/5705\/revisions\/5708"}],"wp:featuredmedia":[{"embeddable":true,"href":"https:\/\/www.obispadorqta.org.ar\/v3\/wp-json\/wp\/v2\/media\/5706"}],"wp:attachment":[{"href":"https:\/\/www.obispadorqta.org.ar\/v3\/wp-json\/wp\/v2\/media?parent=5705"}],"wp:term":[{"taxonomy":"category","embeddable":true,"href":"https:\/\/www.obispadorqta.org.ar\/v3\/wp-json\/wp\/v2\/categories?post=5705"},{"taxonomy":"post_tag","embeddable":true,"href":"https:\/\/www.obispadorqta.org.ar\/v3\/wp-json\/wp\/v2\/tags?post=5705"}],"curies":[{"name":"wp","href":"https:\/\/api.w.org\/{rel}","templated":true}]}}