{"id":5710,"date":"2020-09-10T09:35:00","date_gmt":"2020-09-10T12:35:00","guid":{"rendered":"http:\/\/www.obispadorqta.org.ar\/v3\/?p=5710"},"modified":"2023-08-22T11:52:55","modified_gmt":"2023-08-22T14:52:55","slug":"xli-peregrinacion-juvenil-del-nea-a-itati-2020","status":"publish","type":"post","link":"https:\/\/www.obispadorqta.org.ar\/v3\/xli-peregrinacion-juvenil-del-nea-a-itati-2020\/","title":{"rendered":"XLI\u00b0 Peregrinaci\u00f3n juvenil a Itat\u00ed 2020"},"content":{"rendered":"<p style=\"text-align: justify;\"><em><strong>\u00a1Todo el NEA dice presente!<\/strong><\/em><br \/>\nCon esta parte del himno que a\u00f1o tras a\u00f1o cantamos a todo pulm\u00f3n te presentamos la XLI\u00b0 Peregrinaci\u00f3n juvenil del NEA a Itat\u00ed 2020.<\/p>\n<p style=\"text-align: justify;\">Nada nos detiene como j\u00f3venes del NEA por eso, en medio de este contexto de pandemia, te traemos una propuesta completamente diferente para vivir esta fiesta que tanto nos caracteriza.<\/p>\n<p style=\"text-align: justify;\"><strong>Del 11 al 20 de septiembre vamos a peregrinar de manera virtual a la casa de nuestra Madre con nuestros corazones de peregrinos intactos y fervorosos como todos los a\u00f1os, bajo el lema: <em>\u00abCristo vive, y con Mar\u00eda lo anunciamos\u00bb.<\/em><\/strong><\/p>\n<p style=\"text-align: center;\"><strong>\u00a1An\u00edmate a vivir esta nueva experiencia como familia regional!<\/strong><\/p>\n<p style=\"text-align: justify;\">No te olvides de seguir las redes sociales de la Pastoral regi\u00f3n NEA para participar de las distintas actividades en los pr\u00f3ximos d\u00edas.<\/p>\n<p style=\"text-align: justify;\">*-Instagram:* pastoral de juventud NEA.<br \/>\n*-Facebook:* _(Fan page)_ Pastoral de Juventud Regi\u00f3n NEA &#8211; Argentina.<br \/>\n*-YouTube:* Pastoral de juventud regi\u00f3n NEA.<\/p>\n<p style=\"text-align: justify;\">\u00a1Dale, avisale a tus amigos peregrinos! \u00a1Nadie se puede quedar afuera!<\/p>\n<p style=\"text-align: right;\"><strong><em>Pastoral de Juventud NEA&nbsp;<\/em><\/strong><\/p>\n<hr>\n<p style=\"text-align: justify;\"><span style=\"font-size: inherit;\">El material de espiritualidad de la XLI\u00b0 Peregrinaci\u00f3n juvenil del NEA a Itat\u00ed, lo podes a<\/span>dquirir <span class=\"text_exposed_show\">comunic\u00e1ndote con el equipo de pastoral de juventud de tu di\u00f3cesis para que te lo puedan enviar.<\/span><\/p>\n","protected":false},"excerpt":{"rendered":"<div class=\"mh-excerpt\"><p>\u00a1Todo el NEA dice presente! Con esta parte del himno que a\u00f1o tras a\u00f1o cantamos a todo pulm\u00f3n te presentamos la XLI\u00b0 Peregrinaci\u00f3n juvenil del <a class=\"mh-excerpt-more\" href=\"https:\/\/www.obispadorqta.org.ar\/v3\/xli-peregrinacion-juvenil-del-nea-a-itati-2020\/\" title=\"XLI\u00b0 Peregrinaci\u00f3n juvenil a Itat\u00ed 2020\">[&#8230;]<\/a><\/p>\n<\/div>","protected":false},"author":3,"featured_media":5715,"comment_status":"closed","ping_status":"open","sticky":false,"template":"","format":"standard","meta":{"footnotes":""},"categories":[6,28],"tags":[],"class_list":["post-5710","post","type-post","status-publish","format-standard","has-post-thumbnail","hentry","category-news","category-latest-news"],"_links":{"self":[{"href":"https:\/\/www.obispadorqta.org.ar\/v3\/wp-json\/wp\/v2\/posts\/5710","targetHints":{"allow":["GET"]}}],"collection":[{"href":"https:\/\/www.obispadorqta.org.ar\/v3\/wp-json\/wp\/v2\/posts"}],"about":[{"href":"https:\/\/www.obispadorqta.org.ar\/v3\/wp-json\/wp\/v2\/types\/post"}],"author":[{"embeddable":true,"href":"https:\/\/www.obispadorqta.org.ar\/v3\/wp-json\/wp\/v2\/users\/3"}],"replies":[{"embeddable":true,"href":"https:\/\/www.obispadorqta.org.ar\/v3\/wp-json\/wp\/v2\/comments?post=5710"}],"version-history":[{"count":5,"href":"https:\/\/www.obispadorqta.org.ar\/v3\/wp-json\/wp\/v2\/posts\/5710\/revisions"}],"predecessor-version":[{"id":5764,"href":"https:\/\/www.obispadorqta.org.ar\/v3\/wp-json\/wp\/v2\/posts\/5710\/revisions\/5764"}],"wp:featuredmedia":[{"embeddable":true,"href":"https:\/\/www.obispadorqta.org.ar\/v3\/wp-json\/wp\/v2\/media\/5715"}],"wp:attachment":[{"href":"https:\/\/www.obispadorqta.org.ar\/v3\/wp-json\/wp\/v2\/media?parent=5710"}],"wp:term":[{"taxonomy":"category","embeddable":true,"href":"https:\/\/www.obispadorqta.org.ar\/v3\/wp-json\/wp\/v2\/categories?post=5710"},{"taxonomy":"post_tag","embeddable":true,"href":"https:\/\/www.obispadorqta.org.ar\/v3\/wp-json\/wp\/v2\/tags?post=5710"}],"curies":[{"name":"wp","href":"https:\/\/api.w.org\/{rel}","templated":true}]}}