{"id":5716,"date":"2020-09-04T12:03:31","date_gmt":"2020-09-04T15:03:31","guid":{"rendered":"http:\/\/www.obispadorqta.org.ar\/v3\/?p=5716"},"modified":"2020-09-04T12:04:01","modified_gmt":"2020-09-04T15:04:01","slug":"misa-crismal-5","status":"publish","type":"post","link":"https:\/\/www.obispadorqta.org.ar\/v3\/misa-crismal-5\/","title":{"rendered":"Misa Crismal"},"content":{"rendered":"<p style=\"text-align: justify;\">El d\u00eda martes 08 del corriente mes, a las 19hs, en la Iglesia Catedral \u00abInmaculada Concepci\u00f3n\u00bb de Reconquista, el Obispo Diocesano, Mons. Dr. \u00c1ngel Jos\u00e9 Mac\u00edn, presidir\u00e1 la Misa Crismal. Recordamos que esta celebraci\u00f3n en nuestra di\u00f3cesis se realiza durante la Semana Santa. En la misma se consagra los Santos \u00d3leos y se renuevan las promesas Sacerdotales. Este a\u00f1o, con motivo de la pandemia del COVID- 19, tuvo que ser pospuesta sin una fecha determinada.<\/p>\n<p style=\"text-align: justify;\">La Misa ser\u00e1\u00a0concelebrada por un grupo representativo de sacerdotes. Asimismo participaran presencialmente un Di\u00e1cono y laicos designados para los distintos ministerios lit\u00fargicos. Respetandose los protocolos para las celebraciones religiosas, se realizar\u00e1 a puertas cerradas y las personas estar\u00e1n designadas con anticipaci\u00f3n. La transmisi\u00f3n ser\u00e1 a trav\u00e9s del canal de Youtube y la red social Facebook pertenecientes a\u00a0la Municipalidad de Reconquista, y de la frecuencia de Radio Amanecer.<\/p>\n<p><a href=\"https:\/\/www.youtube.com\/channel\/UCtMufgcWMajSyFjQc0NHvJQ\">YOUTUBE Municipalidad de Reconquista<\/a><\/p>\n<p><a href=\"https:\/\/www.facebook.com\/municipalidadreconquista\/\">FACEBOOK<\/a><\/p>\n<p><a href=\"http:\/\/radioamanecer.com.ar\/\">RADIO AMANECER<\/a><\/p>\n","protected":false},"excerpt":{"rendered":"<div class=\"mh-excerpt\"><p>El d\u00eda martes 08 del corriente mes, a las 19hs, en la Iglesia Catedral \u00abInmaculada Concepci\u00f3n\u00bb de Reconquista, el Obispo Diocesano, Mons. Dr. \u00c1ngel Jos\u00e9 <a class=\"mh-excerpt-more\" href=\"https:\/\/www.obispadorqta.org.ar\/v3\/misa-crismal-5\/\" title=\"Misa Crismal\">[&#8230;]<\/a><\/p>\n<\/div>","protected":false},"author":2,"featured_media":5724,"comment_status":"closed","ping_status":"open","sticky":false,"template":"","format":"standard","meta":{"footnotes":""},"categories":[6,28],"tags":[],"class_list":["post-5716","post","type-post","status-publish","format-standard","has-post-thumbnail","hentry","category-news","category-latest-news"],"_links":{"self":[{"href":"https:\/\/www.obispadorqta.org.ar\/v3\/wp-json\/wp\/v2\/posts\/5716","targetHints":{"allow":["GET"]}}],"collection":[{"href":"https:\/\/www.obispadorqta.org.ar\/v3\/wp-json\/wp\/v2\/posts"}],"about":[{"href":"https:\/\/www.obispadorqta.org.ar\/v3\/wp-json\/wp\/v2\/types\/post"}],"author":[{"embeddable":true,"href":"https:\/\/www.obispadorqta.org.ar\/v3\/wp-json\/wp\/v2\/users\/2"}],"replies":[{"embeddable":true,"href":"https:\/\/www.obispadorqta.org.ar\/v3\/wp-json\/wp\/v2\/comments?post=5716"}],"version-history":[{"count":1,"href":"https:\/\/www.obispadorqta.org.ar\/v3\/wp-json\/wp\/v2\/posts\/5716\/revisions"}],"predecessor-version":[{"id":5719,"href":"https:\/\/www.obispadorqta.org.ar\/v3\/wp-json\/wp\/v2\/posts\/5716\/revisions\/5719"}],"wp:featuredmedia":[{"embeddable":true,"href":"https:\/\/www.obispadorqta.org.ar\/v3\/wp-json\/wp\/v2\/media\/5724"}],"wp:attachment":[{"href":"https:\/\/www.obispadorqta.org.ar\/v3\/wp-json\/wp\/v2\/media?parent=5716"}],"wp:term":[{"taxonomy":"category","embeddable":true,"href":"https:\/\/www.obispadorqta.org.ar\/v3\/wp-json\/wp\/v2\/categories?post=5716"},{"taxonomy":"post_tag","embeddable":true,"href":"https:\/\/www.obispadorqta.org.ar\/v3\/wp-json\/wp\/v2\/tags?post=5716"}],"curies":[{"name":"wp","href":"https:\/\/api.w.org\/{rel}","templated":true}]}}