{"id":5717,"date":"2020-09-04T12:00:54","date_gmt":"2020-09-04T15:00:54","guid":{"rendered":"http:\/\/www.obispadorqta.org.ar\/v3\/?p=5717"},"modified":"2023-08-22T11:53:03","modified_gmt":"2023-08-22T14:53:03","slug":"tiempos-de-caridad","status":"publish","type":"post","link":"https:\/\/www.obispadorqta.org.ar\/v3\/tiempos-de-caridad\/","title":{"rendered":"TIEMPOS DE CARIDAD"},"content":{"rendered":"<p style=\"text-align: justify;\">En este \u00faltimo a\u00f1o nos encontramos viviendo una realidad inesperada, una realidad que nos preocupa a muchos: la pandemia del Covid 19, la cual despert\u00f3 en nosotros miedo e incertidumbre al contagio.<\/p>\n<p style=\"text-align: justify;\">Este virus es un agente de contagio que por el momento no tiene una soluci\u00f3n cercana y que no tiene en cuenta la condici\u00f3n social, quedando la vida de cada ser humano vulnerable.<\/p>\n<p style=\"text-align: justify;\">Desde la medicina nos han dado muchas recomendaciones para cuidarnos entre todos y hacerle frente al virus.<\/p>\n<p style=\"text-align: justify;\">Sin embargo, los contagios que se vienen sucediendo y se encuentran cercanos en nuestra regi\u00f3n, afectando a hermanos nuestros. Se corre el riesgo de que el semejante se transforme en un pr\u00f3jimo ajeno y peligroso, rechazado y asociado a otros prejuicios.<\/p>\n<p style=\"text-align: justify;\">Frente a esta situaci\u00f3n, es necesario tomar una actitud cristiana hacia nuestros hermanos, poni\u00e9ndose en el lugar del otro, de manera solidaria, emp\u00e1tica, evitando ciertas acciones que pueden da\u00f1ar su integridad, evitando hacer comentarios o compartiendo informaci\u00f3n privada que solo genera m\u00e1s distanciamiento y acrecienta el prejuicio hacia quien puede necesitar ayuda.<\/p>\n<p style=\"text-align: justify;\">Como sociedad y como Iglesia es necesario recordar que la actitud frente al hermano que puede padecer este virus tiene que estar marcada por la solidaridad para con el que sufre.<\/p>\n<p style=\"text-align: justify;\">M\u00e1s que nunca, en este momento es preciso recordar la invitaci\u00f3n evang\u00e9lica que nos hace Jesucristo misericordioso frente al hermano enfermo: acercarnos con amor, evitando la difamaci\u00f3n, atendiendo su necesidad.<\/p>\n<p style=\"text-align: justify;\">Recordamos las palabras del Papa Francisco: \u201cNos dimos cuenta de que est\u00e1bamos en la misma barca, todos fr\u00e1giles y desorientados; pero, al mismo tiempo, importantes y necesarios, todos llamados a remar juntos, todos necesitados de confortarnos mutuamente. En esta barca, estamos todos. No podemos seguir cada uno por nuestra cuenta, sino \u00fanicamente juntos porque nadie se salva solo\u201d<\/p>\n<p style=\"text-align: justify;\">Volvernos m\u00e1s humanos con el pr\u00f3jimo en medio de esta tormenta para buscar el bien de todos, acompa\u00f1ando a los que sufren.<\/p>\n<p style=\"text-align: justify;\">Que Mar\u00eda, madre nuestra, mujer atenta, nos acompa\u00f1e y ayude a tener actitudes de apoyo y cuidado hacia los dem\u00e1s.<\/p>\n<p style=\"text-align: right;\">\u00c1rea de Comunicaci\u00f3n<br>Obispado Reconquista<\/p>\n\n\n<p><\/p>\n","protected":false},"excerpt":{"rendered":"<div class=\"mh-excerpt\"><p>En este \u00faltimo a\u00f1o nos encontramos viviendo una realidad inesperada, una realidad que nos preocupa a muchos: la pandemia del Covid 19, la cual despert\u00f3 <a class=\"mh-excerpt-more\" href=\"https:\/\/www.obispadorqta.org.ar\/v3\/tiempos-de-caridad\/\" title=\"TIEMPOS DE CARIDAD\">[&#8230;]<\/a><\/p>\n<\/div>","protected":false},"author":3,"featured_media":5721,"comment_status":"closed","ping_status":"open","sticky":false,"template":"","format":"standard","meta":{"footnotes":""},"categories":[6,28],"tags":[],"class_list":["post-5717","post","type-post","status-publish","format-standard","has-post-thumbnail","hentry","category-news","category-latest-news"],"_links":{"self":[{"href":"https:\/\/www.obispadorqta.org.ar\/v3\/wp-json\/wp\/v2\/posts\/5717","targetHints":{"allow":["GET"]}}],"collection":[{"href":"https:\/\/www.obispadorqta.org.ar\/v3\/wp-json\/wp\/v2\/posts"}],"about":[{"href":"https:\/\/www.obispadorqta.org.ar\/v3\/wp-json\/wp\/v2\/types\/post"}],"author":[{"embeddable":true,"href":"https:\/\/www.obispadorqta.org.ar\/v3\/wp-json\/wp\/v2\/users\/3"}],"replies":[{"embeddable":true,"href":"https:\/\/www.obispadorqta.org.ar\/v3\/wp-json\/wp\/v2\/comments?post=5717"}],"version-history":[{"count":2,"href":"https:\/\/www.obispadorqta.org.ar\/v3\/wp-json\/wp\/v2\/posts\/5717\/revisions"}],"predecessor-version":[{"id":5723,"href":"https:\/\/www.obispadorqta.org.ar\/v3\/wp-json\/wp\/v2\/posts\/5717\/revisions\/5723"}],"wp:featuredmedia":[{"embeddable":true,"href":"https:\/\/www.obispadorqta.org.ar\/v3\/wp-json\/wp\/v2\/media\/5721"}],"wp:attachment":[{"href":"https:\/\/www.obispadorqta.org.ar\/v3\/wp-json\/wp\/v2\/media?parent=5717"}],"wp:term":[{"taxonomy":"category","embeddable":true,"href":"https:\/\/www.obispadorqta.org.ar\/v3\/wp-json\/wp\/v2\/categories?post=5717"},{"taxonomy":"post_tag","embeddable":true,"href":"https:\/\/www.obispadorqta.org.ar\/v3\/wp-json\/wp\/v2\/tags?post=5717"}],"curies":[{"name":"wp","href":"https:\/\/api.w.org\/{rel}","templated":true}]}}