{"id":5734,"date":"2020-09-08T09:45:13","date_gmt":"2020-09-08T12:45:13","guid":{"rendered":"http:\/\/www.obispadorqta.org.ar\/v3\/?p=5734"},"modified":"2020-09-08T09:47:01","modified_gmt":"2020-09-08T12:47:01","slug":"dia-de-la-vida-consagrada-2","status":"publish","type":"post","link":"https:\/\/www.obispadorqta.org.ar\/v3\/dia-de-la-vida-consagrada-2\/","title":{"rendered":"DIA DE LA VIDA CONSAGRADA"},"content":{"rendered":"<p style=\"text-align: justify;\"><span style=\"color: #000000;\">El 8 de Setiembre, fiesta de la natividad de Mar\u00eda Sant\u00edsima, se celebra el d\u00eda de la Vida Consagrada.<\/span><\/p>\n<p style=\"text-align: justify;\"><span style=\"color: #000000;\">Agradecemos la entrega de consagrados y consagradas que est\u00e1n en nuestra di\u00f3cesis, elevamos una plegaria por su fidelidad al llamado de Dios y compartimos el saludo de la CEA.<\/span><\/p>\n<hr \/>\n<p>A los hermanos y hermanas<\/p>\n<p>de la Junta Directiva de CONFAR<br \/>\nConferencia Argentina de religiosas y religiosos<\/p>\n<p>del Consejo Ejecutivo de la CISA<br \/>\nConferencia de Institutos Seculares de Argentina<\/p>\n<p>del Servicio Nacional para la formaci\u00f3n permanente<br \/>\nde las V\u00edrgenes Consagradas en Argentina<\/p>\n<p>Muy queridos consagrados y consagradas:<\/p>\n<p style=\"text-align: justify;\">Ante todo, les agradecemos hayan querido hacernos part\u00edcipes de la Asamblea General de <em>CONFAR<\/em> que este a\u00f1o, dadas las circunstancias, se ha realizado a trav\u00e9s de video conferencias; gracias por transmitirnos su \u201cMensaje final\u201d. Damos gracias a Dios tambi\u00e9n por el proceso iniciado por la JISA (Junta de los Institutos Seculares en Argentina) hasta su aprobaci\u00f3n como \u201cConferencia\u201d <em>(CISA)<\/em> \u00a1Un paso importante en su camino institucional! Finalmente, nuestra gratitud al <em>Servicio Nacional para la formaci\u00f3n permanente de las V\u00edrgenes Consagradas<\/em>, que -en el contexto de los 50 a\u00f1os de la Restauraci\u00f3n del <em>Ordo Virginum<\/em> (1970 \u2013 2020)- ha compartido con nosotros sus espacios de formaci\u00f3n y crecimiento espiritual en el marco de su plan trienal de celebraciones, encuentros, etc.<\/p>\n<p style=\"text-align: justify;\">Todas estas buenas nuevas resultan elocuentes signos de comuni\u00f3n que valoramos especialmente en estos tiempos que transitamos. La expresi\u00f3n \u201cestamos en la misma barca\u201d resulta precisa y preciosa en un mar agitado por la pandemia.<\/p>\n<p style=\"text-align: justify;\">En este marco, valoramos la creatividad de la CONFAR, la CISA y el Servicio Nacional para para el <em>OVC<\/em> con miras de fortalecer los lazos eclesiales entre los consagrados y consagradas y las instituciones que los nuclean y sirven. Lo hacen en momentos en los cuales necesitamos experimentar aquello de vivir <strong>un\u00e1nimes<\/strong>, es decir con <strong>un solo coraz\u00f3n y una sola alma hacia Dios<\/strong> (cf. Hechos 2, 42 \u2013 47; 4, 32 \u2013 35). \u00a1S\u00ed! Todos necesitamos la cercan\u00eda, contenci\u00f3n y \u00e1nimo propios de la fraternidad y sororidad de los consagrados para fortalecer mutuamente nuestra misi\u00f3n en la Iglesia. \u00a1La pasi\u00f3n por Cristo, pasi\u00f3n por la humanidad!<\/p>\n<p style=\"text-align: justify;\">La vida consagrada expresa en estos procesos un profundo sentido de comuni\u00f3n y contribuye a una fecunda din\u00e1mica de \u201csinodalidad\u201d no por la mera sujeci\u00f3n a una \u201cley de la mayor\u00eda\u201d (f\u00e1cil de conseguir en pasillos o fuera del recinto del di\u00e1logo o discusi\u00f3n) sino por querer ser d\u00f3ciles a esa <strong>\u201cley de la unanimidad\u201d<\/strong> &#8211; <strong>\u201cley de la comuni\u00f3n\u201d<\/strong> que la fundamenta. Esto no implica que todos \/ todas \u201cvoten\u201d u \u201copinen\u201d de la misma manera. Expresa m\u00e1s bien que \u2013justamente- dentro del marco temporal y espacial donde se dialoga, confronta, discute y se construye en la paciencia (\u00a1porque tambi\u00e9n se sufren dolores de parto!) se manifieste esa \u201cunanimidad\u201d, la de tener <strong>un solo coraz\u00f3n y una sola alma hacia Dios, fuente y culmen de la verdadera comuni\u00f3n.<\/strong><\/p>\n<p style=\"text-align: justify;\">El coraz\u00f3n anima y hace fluir la sangre a todo el cuerpo. Ese clima de \u201cunanimidad\u201d los ha llevado incluso a renovar los Estatutos de la<em> CONFAR,<\/em> a la aprobaci\u00f3n de la <em>JISA<\/em> como Conferencia (con la respectiva revisi\u00f3n de Estatutos y reglamentos), y a renovar el equipo de servicio a las V\u00edrgenes Consagradas en Argentina para \u2013justamente- servir y cuidar mejor las diversas manifestaciones de la vida consagrada en su \u201csinf\u00f3nica\u201d y \u201cpolicrom\u00e1tica\u201d riqueza.<\/p>\n<p style=\"text-align: justify;\">La \u00abcreatividad en la fidelidad\u00bb, \u00abla fidelidad creativa\u00bb, no resultan para la vida consagrada un simple juego de palabras, una planificaci\u00f3n estrat\u00e9gica, un lema o \u201chashtag\u201d, sino \u00a1siempre!: <strong>una b\u00fasqueda inspirada por la FE (al mirar el pasado con gratitud), el AMOR (al querer vivir el presente con pasi\u00f3n) y la ESPERANZA (como modo teologal de abrazar el futuro).<\/strong><\/p>\n<p style=\"text-align: justify;\">Ustedes expresan las dos dimensiones inseparables de su vocaci\u00f3n (llamada de Dios). Por un lado: la pasi\u00f3n de cada mujer o var\u00f3n consagrado expresa la fuerza, el impulso que lo anima. \u00a1Jes\u00fas viv\u00eda apasionado por Dios y por los hermanos, por su pueblo! Por el otro: manifiesta la dimensi\u00f3n del padecer, del dolor, del sufrimiento. \u00bfAcaso no confesamos y nos asociamos al misterio de la Pasi\u00f3n del Se\u00f1or sintetizado en la Cruz?<\/p>\n<p style=\"text-align: justify;\">Hoy celebramos la<em> Jornada de oraci\u00f3n por el cuidado de la creaci\u00f3n, la casa com\u00fan.<\/em> El Papa Francisco nos ha regalado su mensaje invit\u00e1ndonos a vivir un tiempo para recordar, regresar, descansar, reparar y alegrarse. S\u00ed, la pandemia sigue causando heridas profundas, desenmascarando nuestras vulnerabilidades y descubri\u00e9ndonos interconectados\u2026 como nunca. En este sentido, a partir del pasado 5 de agosto, en las Audiencias generales (las as\u00ed llamadas \u201cCatequesis de los mi\u00e9rcoles\u201d) teniendo en cuenta este llamado a \u201cCurar el mundo\u201d, el Sucesor de Pedro nos invita a descubrir desde las virtudes teologales facetas, concreciones, encarnaciones de las mismas en este presente tan dif\u00edcil [hasta ahora se ha referido a: La FE y la dignidad humana; La opci\u00f3n preferencial por los pobres y la virtud de la CARIDAD; El destino universal de los bienes y la virtud de la ESPERANZA, y seguramente continuar\u00e1 estas reflexiones durante varias semanas m\u00e1s].<\/p>\n<p style=\"text-align: justify;\">No dudamos que estas reflexiones dar\u00e1n un renovado marco a la celebraci\u00f3n de la Jornada de la Vida Consagrada en Argentina.<\/p>\n<p style=\"text-align: justify;\">Este tiempo dedicado a la \u201cBiblia\u201d nos invita a reconocer en la Palabra una sinfon\u00eda a varias voces. La Revelaci\u00f3n: la voz de Dios; Jesucristo: el rostro de la Palabra; La Iglesia: la casa de la Palabra; y la misi\u00f3n: los caminos de la Palabra\u2026 Queremos animarlos, exhortarlos a encarnar \u201cla Palabra que profesamos\u201d. Es as\u00ed, porque la Palabra es la que sostiene nuestra profesi\u00f3n, nos habita y da vida, vida en abundancia.<\/p>\n<p style=\"text-align: justify;\">La fiesta de la Natividad de Mar\u00eda congrega a la Iglesia en Argentina para celebrar la Vida Consagrada. El <strong>Magnificat<\/strong> de Mar\u00eda \u2013consagrada por la Palabra- nos ayude a asumir agradecidos nuestra historia; su <strong>fiat<\/strong> \u2013 <strong>h\u00e1gase<\/strong> nos llene de esperanza para abrazar lo que nos depara el futuro; Ella, fiel a la providencia de Dios, sople al o\u00eddo del coraz\u00f3n de quienes deseamos servir \u00abhoy\u00bb el vino nuevo del Evangelio, su secreto m\u00e1s atesorado: <strong>\u00abHagan lo que Jes\u00fas les diga\u00bb<\/strong>. Ella, finalmente, regale de parte de Dios, a todos los consagrados y consagradas, el don de la fidelidad y la alegr\u00eda de la perseverancia.<\/p>\n<p style=\"text-align: justify;\">Fraternalmente en Cristo, pobre, casto y obediente<\/p>\n<h6 style=\"text-align: center;\"><em><strong>La Comisi\u00f3n Episcopal para la Vida Consagrada<\/strong><\/em><\/h6>\n<h6 style=\"text-align: center;\">+ Fray Carlos Alfonso AZPIROZ COSTA op<br \/>\nArzobispo de Bah\u00eda Blanca<br \/>\nPresidente<\/h6>\n<h6 style=\"text-align: center;\">+ Mons. H\u00e9ctor Luis ZORD\u00c1N m.ss.cc.<br \/>\nObispo de Gualeguaych\u00fa<\/h6>\n<h6 style=\"text-align: center;\">+ Mons. Esteban Mar\u00eda LAXAGUE sdb<br \/>\nObispo de Viedma<\/h6>\n<h6 style=\"text-align: center;\">+ Mons. N\u00e9stor Hugo NAVARRO<br \/>\nObispo em\u00e9rito del Alto Valle de R\u00edo Negro<\/h6>\n<h6 style=\"text-align: left;\">Mar\u00eda Florencia Marf\u00eda<br \/>\n<em>Instituto Secular Crist\u00edfero<\/em><br \/>\n<em>Secretaria Ejecutiva<\/em><\/h6>\n","protected":false},"excerpt":{"rendered":"<div class=\"mh-excerpt\"><p>El 8 de Setiembre, fiesta de la natividad de Mar\u00eda Sant\u00edsima, se celebra el d\u00eda de la Vida Consagrada. Agradecemos la entrega de consagrados y <a class=\"mh-excerpt-more\" href=\"https:\/\/www.obispadorqta.org.ar\/v3\/dia-de-la-vida-consagrada-2\/\" title=\"DIA DE LA VIDA CONSAGRADA\">[&#8230;]<\/a><\/p>\n<\/div>","protected":false},"author":3,"featured_media":5735,"comment_status":"closed","ping_status":"open","sticky":false,"template":"","format":"standard","meta":{"footnotes":""},"categories":[6,28],"tags":[],"class_list":["post-5734","post","type-post","status-publish","format-standard","has-post-thumbnail","hentry","category-news","category-latest-news"],"_links":{"self":[{"href":"https:\/\/www.obispadorqta.org.ar\/v3\/wp-json\/wp\/v2\/posts\/5734","targetHints":{"allow":["GET"]}}],"collection":[{"href":"https:\/\/www.obispadorqta.org.ar\/v3\/wp-json\/wp\/v2\/posts"}],"about":[{"href":"https:\/\/www.obispadorqta.org.ar\/v3\/wp-json\/wp\/v2\/types\/post"}],"author":[{"embeddable":true,"href":"https:\/\/www.obispadorqta.org.ar\/v3\/wp-json\/wp\/v2\/users\/3"}],"replies":[{"embeddable":true,"href":"https:\/\/www.obispadorqta.org.ar\/v3\/wp-json\/wp\/v2\/comments?post=5734"}],"version-history":[{"count":2,"href":"https:\/\/www.obispadorqta.org.ar\/v3\/wp-json\/wp\/v2\/posts\/5734\/revisions"}],"predecessor-version":[{"id":5737,"href":"https:\/\/www.obispadorqta.org.ar\/v3\/wp-json\/wp\/v2\/posts\/5734\/revisions\/5737"}],"wp:featuredmedia":[{"embeddable":true,"href":"https:\/\/www.obispadorqta.org.ar\/v3\/wp-json\/wp\/v2\/media\/5735"}],"wp:attachment":[{"href":"https:\/\/www.obispadorqta.org.ar\/v3\/wp-json\/wp\/v2\/media?parent=5734"}],"wp:term":[{"taxonomy":"category","embeddable":true,"href":"https:\/\/www.obispadorqta.org.ar\/v3\/wp-json\/wp\/v2\/categories?post=5734"},{"taxonomy":"post_tag","embeddable":true,"href":"https:\/\/www.obispadorqta.org.ar\/v3\/wp-json\/wp\/v2\/tags?post=5734"}],"curies":[{"name":"wp","href":"https:\/\/api.w.org\/{rel}","templated":true}]}}