{"id":5740,"date":"2020-09-09T09:52:49","date_gmt":"2020-09-09T12:52:49","guid":{"rendered":"http:\/\/www.obispadorqta.org.ar\/v3\/?p=5740"},"modified":"2020-09-09T10:02:31","modified_gmt":"2020-09-09T13:02:31","slug":"colecta-mas-por-menos-2","status":"publish","type":"post","link":"https:\/\/www.obispadorqta.org.ar\/v3\/colecta-mas-por-menos-2\/","title":{"rendered":"COLECTA M\u00c1S POR MENOS"},"content":{"rendered":"<p style=\"text-align: center;\"><span style=\"color: #000000;\"><strong><em>\u201cNADIE PUEDE DARLO TODO&#8230; PERO TODOS PODEMOS DAR ALGO\u201d<\/em><\/strong><\/span><\/p>\n<p style=\"text-align: justify;\"><span style=\"color: #000000;\">A\u00fan transitando tiempos dif\u00edciles y con muchas carencias, estamos llamados a la generosidad.<\/span><\/p>\n<p style=\"text-align: justify;\"><span style=\"color: #000000;\">Les recordamos que el fin de semana pr\u00f3ximo, 12 y 13 de septiembre se realiza la tradicional colecta m\u00e1s por menos, un ejercicio concreto de caridad y generosidad.<\/span><\/p>\n<p style=\"text-align: justify;\"><span style=\"color: #000000;\">Que la pandemia no nos quite nuestra sensibilidad por aquellos que m\u00e1s sufren.<\/span><\/p>\n<hr \/>\n<p style=\"text-align: justify;\"><span style=\"color: #333399;\"><strong>LA COLECTA<\/strong><\/span><br \/>\nEs una colecta imperada por la Conferencia Episcopal Argentina y organizada por la Comisi\u00f3n Episcopal de Ayuda a las Regiones M\u00e1s Necesitadas.<\/p>\n<p style=\"text-align: justify;\">Las obras que apoya M\u00e1s por Menos ayudan a paliar las dificultades de gran parte de la poblaci\u00f3n del interior, especialmente aquella que se encuentra marginada en las zonas m\u00e1s pobres de Argentina. Por ello, M\u00e1s por Menos, es un puente de comunicaci\u00f3n entre los que m\u00e1s tienen y los que tienen poco o nada. Los obispos la definen como \u00abun espacio creado para compensar la falta de equidad social\u00bb La colecta M\u00e1s por Menos es una de las de mayor envergadura dentro de la Iglesia Cat\u00f3lica Argentina.<br \/>\nEn la Argentina hay una profunda inequidad con muchos recursos por un lado y muchas necesidades por el otro. Esta colecta es un gesto que busca que estas dos realidades puedan encontrarse.<\/p>\n<p style=\"text-align: justify;\">M\u00e1s por Menos significa brindar auxilio para que la Iglesia pueda llegar a todos con su mensaje de vida y su amor solidario. Sin excluir a nadie, esta colecta pretende ser un instrumento m\u00e1s para fortalecer con recursos la convocatoria a todos a asumir la Buena Noticia del Evangelio en una vida pastoral y comunitaria que ayude a formar ciudadanos responsables, honestos y justos.<\/p>\n<p style=\"text-align: justify;\"><span style=\"color: #333399;\"><strong>FORMAS DE DONAR<\/strong><\/span><br \/>\n<em>Ante la posible dificultad de colaborar en las misas de las parroquias y comunidades del pa\u00eds del 12 y 13 de septiembre, por las restricciones surgidas con motivo de la pandemia.<\/em><br \/>\n<em>Detallamos las distintas formas de colaborar con \u201cmas por menos\u201d en forma directa, durante todo el a\u00f1o:<\/em><\/p>\n<p>1.<strong> Dep\u00f3sito o transferencia bancaria<\/strong> a la Cuenta Corriente en Pesos \u201cCONFERENCIA EPISCOPAL ARGENTINA\u201d \u2013 N\u00ba 00013892\/9 del Banco Santander, Casa Central \u2013 CUIT 30-51731290-4 CBU: 0720000720000001389290 (BRISA.PRADO.ORO). Env\u00ede el comprobante y sus datos al mail oficial Indicado m\u00e1s abajo)<\/p>\n<p style=\"text-align: justify;\">2. <strong>C\u00f3digo QR.<\/strong> A trav\u00e9s de este sistema, ingresando a la plataforma dispuesta para la donaci\u00f3n, mediante tel\u00e9fono celular o dispositivo m\u00f3vil apto para la lectura del C\u00f3digo QR, e indicando el importe que se desea donar a la Colecta M\u00e1s por Menos.<\/p>\n<p style=\"text-align: justify;\">3.<strong> Con D\u00e9bito Mensual Autom\u00e1tico con Tarjetas de Cr\u00e9dito<\/strong> (Visa, American Express, Mastercard y Diners.<\/p>\n<p>4. En cualquier sucursal de la <strong>Red de PAGO FACIL.<\/strong><\/p>\n<pre><strong>MUY IMPORTANTE:<\/strong>\nObtenga mayor informaci\u00f3n en nuestra P\u00e1gina: www.colectamaspormenos.com.ar\n\ndirigi\u00e9ndose al correo electr\u00f3nico oficial: colectamaspormenos@cea.org.ar\n\no al tel\u00e9fono 011 \u2013 4394-2065 al M\u00f3vil PERMANENTE de la Administraci\u00f3n 011 \u2013 15-5148-0286<\/pre>\n","protected":false},"excerpt":{"rendered":"<div class=\"mh-excerpt\"><p>\u201cNADIE PUEDE DARLO TODO&#8230; PERO TODOS PODEMOS DAR ALGO\u201d A\u00fan transitando tiempos dif\u00edciles y con muchas carencias, estamos llamados a la generosidad. Les recordamos que <a class=\"mh-excerpt-more\" href=\"https:\/\/www.obispadorqta.org.ar\/v3\/colecta-mas-por-menos-2\/\" title=\"COLECTA M\u00c1S POR MENOS\">[&#8230;]<\/a><\/p>\n<\/div>","protected":false},"author":3,"featured_media":5745,"comment_status":"closed","ping_status":"open","sticky":false,"template":"","format":"standard","meta":{"footnotes":""},"categories":[6,28],"tags":[],"class_list":["post-5740","post","type-post","status-publish","format-standard","has-post-thumbnail","hentry","category-news","category-latest-news"],"_links":{"self":[{"href":"https:\/\/www.obispadorqta.org.ar\/v3\/wp-json\/wp\/v2\/posts\/5740","targetHints":{"allow":["GET"]}}],"collection":[{"href":"https:\/\/www.obispadorqta.org.ar\/v3\/wp-json\/wp\/v2\/posts"}],"about":[{"href":"https:\/\/www.obispadorqta.org.ar\/v3\/wp-json\/wp\/v2\/types\/post"}],"author":[{"embeddable":true,"href":"https:\/\/www.obispadorqta.org.ar\/v3\/wp-json\/wp\/v2\/users\/3"}],"replies":[{"embeddable":true,"href":"https:\/\/www.obispadorqta.org.ar\/v3\/wp-json\/wp\/v2\/comments?post=5740"}],"version-history":[{"count":4,"href":"https:\/\/www.obispadorqta.org.ar\/v3\/wp-json\/wp\/v2\/posts\/5740\/revisions"}],"predecessor-version":[{"id":5747,"href":"https:\/\/www.obispadorqta.org.ar\/v3\/wp-json\/wp\/v2\/posts\/5740\/revisions\/5747"}],"wp:featuredmedia":[{"embeddable":true,"href":"https:\/\/www.obispadorqta.org.ar\/v3\/wp-json\/wp\/v2\/media\/5745"}],"wp:attachment":[{"href":"https:\/\/www.obispadorqta.org.ar\/v3\/wp-json\/wp\/v2\/media?parent=5740"}],"wp:term":[{"taxonomy":"category","embeddable":true,"href":"https:\/\/www.obispadorqta.org.ar\/v3\/wp-json\/wp\/v2\/categories?post=5740"},{"taxonomy":"post_tag","embeddable":true,"href":"https:\/\/www.obispadorqta.org.ar\/v3\/wp-json\/wp\/v2\/tags?post=5740"}],"curies":[{"name":"wp","href":"https:\/\/api.w.org\/{rel}","templated":true}]}}