{"id":5748,"date":"2020-09-09T11:20:55","date_gmt":"2020-09-09T14:20:55","guid":{"rendered":"http:\/\/www.obispadorqta.org.ar\/v3\/?p=5748"},"modified":"2020-09-09T11:23:45","modified_gmt":"2020-09-09T14:23:45","slug":"66-aniversario-de-la-consagracion-de-la-catedral-de-reconquista","status":"publish","type":"post","link":"https:\/\/www.obispadorqta.org.ar\/v3\/66-aniversario-de-la-consagracion-de-la-catedral-de-reconquista\/","title":{"rendered":"66\u00b0 Aniversario de Consagraci\u00f3n de la Catedral de Reconquista"},"content":{"rendered":"<p style=\"text-align: justify;\"><span style=\"color: #000000;\">Hoy se celebra un nuevo aniversario solemne de la dedicaci\u00f3n del templo de la Iglesia Catedral de Reconquista.<\/span><\/p>\n<p style=\"text-align: justify;\"><span style=\"color: #000000;\">El 8 de septiembre de 1954 se llev\u00f3 a cabo la Consagraci\u00f3n de la Iglesia Catedral Inmaculada Concepci\u00f3n y de su altar, por el entonces Arzobispo Consagrante Mons. Doctor Nicol\u00e1s Fasolino<\/span><\/p>\n<p style=\"text-align: justify;\"><span style=\"color: #000000;\">Seg\u00fan lo indica el Ceremonial de los Obispos, <em>\u00abla iglesia catedral es aquella en la cual el obispo tiene situada la c\u00e1tedra, signo del magisterio y de la potestad del pastor de la Iglesia particular, como tambi\u00e9n signo de unidad de los creyentes en aquella fe, que el obispo anuncia como pastor de la grey\u00bb.<\/em><\/span><\/p>\n\n\n<p><\/p>\n","protected":false},"excerpt":{"rendered":"<div class=\"mh-excerpt\"><p>Hoy se celebra un nuevo aniversario solemne de la dedicaci\u00f3n del templo de la Iglesia Catedral de Reconquista. El 8 de septiembre de 1954 se <a class=\"mh-excerpt-more\" href=\"https:\/\/www.obispadorqta.org.ar\/v3\/66-aniversario-de-la-consagracion-de-la-catedral-de-reconquista\/\" title=\"66\u00b0 Aniversario de Consagraci\u00f3n de la Catedral de Reconquista\">[&#8230;]<\/a><\/p>\n<\/div>","protected":false},"author":3,"featured_media":5752,"comment_status":"closed","ping_status":"open","sticky":false,"template":"","format":"standard","meta":{"footnotes":""},"categories":[6,28],"tags":[],"class_list":["post-5748","post","type-post","status-publish","format-standard","has-post-thumbnail","hentry","category-news","category-latest-news"],"_links":{"self":[{"href":"https:\/\/www.obispadorqta.org.ar\/v3\/wp-json\/wp\/v2\/posts\/5748","targetHints":{"allow":["GET"]}}],"collection":[{"href":"https:\/\/www.obispadorqta.org.ar\/v3\/wp-json\/wp\/v2\/posts"}],"about":[{"href":"https:\/\/www.obispadorqta.org.ar\/v3\/wp-json\/wp\/v2\/types\/post"}],"author":[{"embeddable":true,"href":"https:\/\/www.obispadorqta.org.ar\/v3\/wp-json\/wp\/v2\/users\/3"}],"replies":[{"embeddable":true,"href":"https:\/\/www.obispadorqta.org.ar\/v3\/wp-json\/wp\/v2\/comments?post=5748"}],"version-history":[{"count":2,"href":"https:\/\/www.obispadorqta.org.ar\/v3\/wp-json\/wp\/v2\/posts\/5748\/revisions"}],"predecessor-version":[{"id":5751,"href":"https:\/\/www.obispadorqta.org.ar\/v3\/wp-json\/wp\/v2\/posts\/5748\/revisions\/5751"}],"wp:featuredmedia":[{"embeddable":true,"href":"https:\/\/www.obispadorqta.org.ar\/v3\/wp-json\/wp\/v2\/media\/5752"}],"wp:attachment":[{"href":"https:\/\/www.obispadorqta.org.ar\/v3\/wp-json\/wp\/v2\/media?parent=5748"}],"wp:term":[{"taxonomy":"category","embeddable":true,"href":"https:\/\/www.obispadorqta.org.ar\/v3\/wp-json\/wp\/v2\/categories?post=5748"},{"taxonomy":"post_tag","embeddable":true,"href":"https:\/\/www.obispadorqta.org.ar\/v3\/wp-json\/wp\/v2\/tags?post=5748"}],"curies":[{"name":"wp","href":"https:\/\/api.w.org\/{rel}","templated":true}]}}