{"id":5754,"date":"2020-09-16T10:28:32","date_gmt":"2020-09-16T13:28:32","guid":{"rendered":"http:\/\/www.obispadorqta.org.ar\/v3\/?p=5754"},"modified":"2020-09-16T10:28:42","modified_gmt":"2020-09-16T13:28:42","slug":"ciclo-de-conferencias-del-ano-mariano-nacional","status":"publish","type":"post","link":"https:\/\/www.obispadorqta.org.ar\/v3\/ciclo-de-conferencias-del-ano-mariano-nacional\/","title":{"rendered":"Ciclo de conferencias del A\u00f1o Mariano Nacional"},"content":{"rendered":"<p style=\"text-align: justify;\">En este ciclo de conferencias del A\u00f1o Mariano Nacional, hoy podremos participar de la intervenci\u00f3n de nuestro Obispo Diocesano, Mons. Dr. \u00c1ngel Jos\u00e9 Mac\u00edn,\u00a0<em>\u00abS\u00ednodo de Amazon\u00eda: Los pueblos originarios\u00bb.<\/em><\/p>\n<p style=\"text-align: justify;\">Se llevar\u00e1 a cabo este mi\u00e9rcoles 16 de septiembre, a las 17 hs. y ser\u00e1 transmitido en la siguiente p\u00e1gina web:\u00a0<a href=\"https:\/\/www.4cmn2020.com\">https:\/\/www.4cmn2020.com<\/a>\u00a0y a trav\u00e9s de Youtube y Facebook, links que compartios a continuaci\u00f3n:<\/p>\n<p style=\"text-align: justify;\"><a href=\"https:\/\/www.youtube.com\/channel\/UC9led9pQlvcvQiBx6p9yKCQ\">YOUTUBE<\/a><\/p>\n<p style=\"text-align: justify;\"><a href=\"https:\/\/www.facebook.com\/4cmn2020-A%C3%B1o-y-Congreso-Mariano-Nacional-Catamarca-1896568203985338\/\">FACEBOOK<\/a><\/p>\n<p style=\"text-align: justify;\">Invitamos a todos a participar de este espacio de encuentro y formaci\u00f3n.<\/p>\n\n\n<p><\/p>\n","protected":false},"excerpt":{"rendered":"<div class=\"mh-excerpt\"><p>En este ciclo de conferencias del A\u00f1o Mariano Nacional, hoy podremos participar de la intervenci\u00f3n de nuestro Obispo Diocesano, Mons. Dr. \u00c1ngel Jos\u00e9 Mac\u00edn,\u00a0\u00abS\u00ednodo de <a class=\"mh-excerpt-more\" href=\"https:\/\/www.obispadorqta.org.ar\/v3\/ciclo-de-conferencias-del-ano-mariano-nacional\/\" title=\"Ciclo de conferencias del A\u00f1o Mariano Nacional\">[&#8230;]<\/a><\/p>\n<\/div>","protected":false},"author":2,"featured_media":5757,"comment_status":"closed","ping_status":"open","sticky":false,"template":"","format":"standard","meta":{"footnotes":""},"categories":[6,28],"tags":[],"class_list":["post-5754","post","type-post","status-publish","format-standard","has-post-thumbnail","hentry","category-news","category-latest-news"],"_links":{"self":[{"href":"https:\/\/www.obispadorqta.org.ar\/v3\/wp-json\/wp\/v2\/posts\/5754","targetHints":{"allow":["GET"]}}],"collection":[{"href":"https:\/\/www.obispadorqta.org.ar\/v3\/wp-json\/wp\/v2\/posts"}],"about":[{"href":"https:\/\/www.obispadorqta.org.ar\/v3\/wp-json\/wp\/v2\/types\/post"}],"author":[{"embeddable":true,"href":"https:\/\/www.obispadorqta.org.ar\/v3\/wp-json\/wp\/v2\/users\/2"}],"replies":[{"embeddable":true,"href":"https:\/\/www.obispadorqta.org.ar\/v3\/wp-json\/wp\/v2\/comments?post=5754"}],"version-history":[{"count":1,"href":"https:\/\/www.obispadorqta.org.ar\/v3\/wp-json\/wp\/v2\/posts\/5754\/revisions"}],"predecessor-version":[{"id":5756,"href":"https:\/\/www.obispadorqta.org.ar\/v3\/wp-json\/wp\/v2\/posts\/5754\/revisions\/5756"}],"wp:featuredmedia":[{"embeddable":true,"href":"https:\/\/www.obispadorqta.org.ar\/v3\/wp-json\/wp\/v2\/media\/5757"}],"wp:attachment":[{"href":"https:\/\/www.obispadorqta.org.ar\/v3\/wp-json\/wp\/v2\/media?parent=5754"}],"wp:term":[{"taxonomy":"category","embeddable":true,"href":"https:\/\/www.obispadorqta.org.ar\/v3\/wp-json\/wp\/v2\/categories?post=5754"},{"taxonomy":"post_tag","embeddable":true,"href":"https:\/\/www.obispadorqta.org.ar\/v3\/wp-json\/wp\/v2\/tags?post=5754"}],"curies":[{"name":"wp","href":"https:\/\/api.w.org\/{rel}","templated":true}]}}