{"id":5774,"date":"2020-09-18T07:55:13","date_gmt":"2020-09-18T10:55:13","guid":{"rendered":"http:\/\/www.obispadorqta.org.ar\/v3\/?p=5774"},"modified":"2020-09-18T08:15:47","modified_gmt":"2020-09-18T11:15:47","slug":"visita-a-formosenos-varados-en-florencia","status":"publish","type":"post","link":"https:\/\/www.obispadorqta.org.ar\/v3\/visita-a-formosenos-varados-en-florencia\/","title":{"rendered":"VISITA A FORMOSE\u00d1OS \u201cVARADOS\u201d EN FLORENCIA"},"content":{"rendered":"<p style=\"text-align: justify;\">En el d\u00eda de ayer, 17 de Setiembre de 2020, el Obispo Diocesano, Mons. \u00c1ngel Jos\u00e9 Mac\u00edn, viaj\u00f3 a la ciudad de Florencia, l\u00edmite norte de la Di\u00f3cesis de Reconquista, para encontrar y escuchar a un grupo de 17 formose\u00f1os \u00abvarados\u00bb en la estaci\u00f3n de servicio de dicha comunidad, alguno de ellos desde hace 47 d\u00edas.<\/p>\n<p style=\"text-align: justify;\">En horas cercanas al mediod\u00eda, el obispo se reuni\u00f3 con miembros de la Caritas local, acompa\u00f1ado de la Directora Diocesana de C\u00e1ritas, Mar\u00eda Rosa Moyano, del P\u00e1rroco del lugar, Pbro. Adri\u00e1n Fun y del P. Juan Jos\u00e9 Dellarosa. Despu\u00e9s de escuchar a la gente de Caritas Florencia, se traslad\u00f3 hacia las instalaciones de la \u00fanica estaci\u00f3n de servicios que hay en la localidad, donde se encuentran albergados, por la generosidad de los due\u00f1os del lugar, y ayudados en las comidas por el Municipio y por la Comunidad Parroquial, los formose\u00f1os que quieren volver a sus hogares.<\/p>\n<p style=\"text-align: justify;\">Las personas all\u00ed alojadas comentaron, entre otras cosas, que algunos hace m\u00e1s de cuarenta d\u00edas que est\u00e1n en esta situaci\u00f3n, ya que no les permiten todav\u00eda ingresar a Formosa, su provincia de origen. Familias con ni\u00f1os muy peque\u00f1os expresaron su desconsuelo, por la lentitud y discreci\u00f3n con que se manejan los tr\u00e1mites. Mientras tanto, viven de la caridad de la gente de Florencia, que le acerca alimentos y otras cosas que necesitan.<\/p>\n<p style=\"text-align: justify;\">El Obispo los anim\u00f3 en la esperanza, les pidi\u00f3 renovar su confianza en Dios providente, pero tambi\u00e9n se comprometi\u00f3 a visibilizar y a realizar las gestiones que est\u00e9n a su alcance para que esta situaci\u00f3n inhumana se vea superada por la buena voluntad de quienes tienen en sus manos las decisiones de admisi\u00f3n a la provincia. Agradeci\u00f3 a la comunidad de Florencia por la caridad activa, pero advirti\u00f3 que las autoridades deben velar por los derechos de sus ciudadanos.<\/p>\n<p style=\"text-align: justify;\">Finalmente, como reflexi\u00f3n general, afirm\u00f3 que no se puede construir una patria de hermanos con estas actitudes, subrayando su perplejidad respecto de la falta de di\u00e1logo e interacci\u00f3n entre provincias que son hermanas y debieran coordinar acciones para el cuidado de los migrantes en tiempos de pandemia.<\/p>\n","protected":false},"excerpt":{"rendered":"<div class=\"mh-excerpt\"><p>En el d\u00eda de ayer, 17 de Setiembre de 2020, el Obispo Diocesano, Mons. \u00c1ngel Jos\u00e9 Mac\u00edn, viaj\u00f3 a la ciudad de Florencia, l\u00edmite norte <a class=\"mh-excerpt-more\" href=\"https:\/\/www.obispadorqta.org.ar\/v3\/visita-a-formosenos-varados-en-florencia\/\" title=\"VISITA A FORMOSE\u00d1OS \u201cVARADOS\u201d EN FLORENCIA\">[&#8230;]<\/a><\/p>\n<\/div>","protected":false},"author":2,"featured_media":5775,"comment_status":"closed","ping_status":"open","sticky":false,"template":"","format":"standard","meta":{"footnotes":""},"categories":[6,28],"tags":[],"class_list":["post-5774","post","type-post","status-publish","format-standard","has-post-thumbnail","hentry","category-news","category-latest-news"],"_links":{"self":[{"href":"https:\/\/www.obispadorqta.org.ar\/v3\/wp-json\/wp\/v2\/posts\/5774","targetHints":{"allow":["GET"]}}],"collection":[{"href":"https:\/\/www.obispadorqta.org.ar\/v3\/wp-json\/wp\/v2\/posts"}],"about":[{"href":"https:\/\/www.obispadorqta.org.ar\/v3\/wp-json\/wp\/v2\/types\/post"}],"author":[{"embeddable":true,"href":"https:\/\/www.obispadorqta.org.ar\/v3\/wp-json\/wp\/v2\/users\/2"}],"replies":[{"embeddable":true,"href":"https:\/\/www.obispadorqta.org.ar\/v3\/wp-json\/wp\/v2\/comments?post=5774"}],"version-history":[{"count":8,"href":"https:\/\/www.obispadorqta.org.ar\/v3\/wp-json\/wp\/v2\/posts\/5774\/revisions"}],"predecessor-version":[{"id":5783,"href":"https:\/\/www.obispadorqta.org.ar\/v3\/wp-json\/wp\/v2\/posts\/5774\/revisions\/5783"}],"wp:featuredmedia":[{"embeddable":true,"href":"https:\/\/www.obispadorqta.org.ar\/v3\/wp-json\/wp\/v2\/media\/5775"}],"wp:attachment":[{"href":"https:\/\/www.obispadorqta.org.ar\/v3\/wp-json\/wp\/v2\/media?parent=5774"}],"wp:term":[{"taxonomy":"category","embeddable":true,"href":"https:\/\/www.obispadorqta.org.ar\/v3\/wp-json\/wp\/v2\/categories?post=5774"},{"taxonomy":"post_tag","embeddable":true,"href":"https:\/\/www.obispadorqta.org.ar\/v3\/wp-json\/wp\/v2\/tags?post=5774"}],"curies":[{"name":"wp","href":"https:\/\/api.w.org\/{rel}","templated":true}]}}