{"id":5793,"date":"2020-09-21T09:26:03","date_gmt":"2020-09-21T12:26:03","guid":{"rendered":"http:\/\/www.obispadorqta.org.ar\/v3\/?p=5793"},"modified":"2020-09-21T09:29:12","modified_gmt":"2020-09-21T12:29:12","slug":"mensaje-del-papa-francisco","status":"publish","type":"post","link":"https:\/\/www.obispadorqta.org.ar\/v3\/mensaje-del-papa-francisco\/","title":{"rendered":"Mensaje del Papa Francisco"},"content":{"rendered":"<p style=\"text-align: justify;\">En ocasi\u00f3n de la 41\u00aa peregrinaci\u00f3n del NEA a Itat\u00ed, el Santo Padre, Papa Francisco, env\u00edo un mensaje para todos aquellos que de una manera u otra participaron de esta nueva edici\u00f3n de la peregrinaci\u00f3n del NEA, la cual fuera llevada a cabo de manera virtual, en consideraci\u00f3n del contexto actual que transitamos por la pandemia del Covid 19.<\/p>\n<p style=\"text-align: justify;\">Seguimos orando a Nuestra Se\u00f1ora de Itat\u00ed por nuestra regi\u00f3n y el mundo, que su manto divino nos contin\u00fae protegiendo y nos ayude a superar este dif\u00edcil momento que vivimos como humanidad.<\/p>\n<p style=\"text-align: justify;\">A continuaci\u00f3n compartimos con ustedes el mensaje del Papa Francisco e invitamos a continuar rezando por \u00e9l:<\/p>\n\n\n<figure class=\"wp-block-embed-facebook wp-block-embed is-type-video is-provider-facebook\"><div class=\"wp-block-embed__wrapper\">\nhttps:\/\/www.facebook.com\/101682181629965\/videos\/598832280787792\/\n<\/div><\/figure>\n","protected":false},"excerpt":{"rendered":"<div class=\"mh-excerpt\"><p>En ocasi\u00f3n de la 41\u00aa peregrinaci\u00f3n del NEA a Itat\u00ed, el Santo Padre, Papa Francisco, env\u00edo un mensaje para todos aquellos que de una manera <a class=\"mh-excerpt-more\" href=\"https:\/\/www.obispadorqta.org.ar\/v3\/mensaje-del-papa-francisco\/\" title=\"Mensaje del Papa Francisco\">[&#8230;]<\/a><\/p>\n<\/div>","protected":false},"author":2,"featured_media":5796,"comment_status":"closed","ping_status":"open","sticky":false,"template":"","format":"standard","meta":{"footnotes":""},"categories":[6,28],"tags":[],"class_list":["post-5793","post","type-post","status-publish","format-standard","has-post-thumbnail","hentry","category-news","category-latest-news"],"_links":{"self":[{"href":"https:\/\/www.obispadorqta.org.ar\/v3\/wp-json\/wp\/v2\/posts\/5793","targetHints":{"allow":["GET"]}}],"collection":[{"href":"https:\/\/www.obispadorqta.org.ar\/v3\/wp-json\/wp\/v2\/posts"}],"about":[{"href":"https:\/\/www.obispadorqta.org.ar\/v3\/wp-json\/wp\/v2\/types\/post"}],"author":[{"embeddable":true,"href":"https:\/\/www.obispadorqta.org.ar\/v3\/wp-json\/wp\/v2\/users\/2"}],"replies":[{"embeddable":true,"href":"https:\/\/www.obispadorqta.org.ar\/v3\/wp-json\/wp\/v2\/comments?post=5793"}],"version-history":[{"count":2,"href":"https:\/\/www.obispadorqta.org.ar\/v3\/wp-json\/wp\/v2\/posts\/5793\/revisions"}],"predecessor-version":[{"id":5795,"href":"https:\/\/www.obispadorqta.org.ar\/v3\/wp-json\/wp\/v2\/posts\/5793\/revisions\/5795"}],"wp:featuredmedia":[{"embeddable":true,"href":"https:\/\/www.obispadorqta.org.ar\/v3\/wp-json\/wp\/v2\/media\/5796"}],"wp:attachment":[{"href":"https:\/\/www.obispadorqta.org.ar\/v3\/wp-json\/wp\/v2\/media?parent=5793"}],"wp:term":[{"taxonomy":"category","embeddable":true,"href":"https:\/\/www.obispadorqta.org.ar\/v3\/wp-json\/wp\/v2\/categories?post=5793"},{"taxonomy":"post_tag","embeddable":true,"href":"https:\/\/www.obispadorqta.org.ar\/v3\/wp-json\/wp\/v2\/tags?post=5793"}],"curies":[{"name":"wp","href":"https:\/\/api.w.org\/{rel}","templated":true}]}}