{"id":5798,"date":"2020-09-28T09:39:56","date_gmt":"2020-09-28T12:39:56","guid":{"rendered":"http:\/\/www.obispadorqta.org.ar\/v3\/?p=5798"},"modified":"2020-09-28T09:40:06","modified_gmt":"2020-09-28T12:40:06","slug":"fallecimiento-del-p-severino-silvestri","status":"publish","type":"post","link":"https:\/\/www.obispadorqta.org.ar\/v3\/fallecimiento-del-p-severino-silvestri\/","title":{"rendered":"Fallecimiento del P. Severino Silvestri"},"content":{"rendered":"<p style=\"text-align: justify;\">Con profundo pesar, comunicamos que en la noche de este domingo 27 de septiembre, a los 91 a\u00f1os, falleci\u00f3 el Padre Severino Silvestri, primo del Padre Carlos Silvestri, p\u00e1rroco de la parroquia \u00abSanta Catalina\u00bb de Alejandra, y compa\u00f1ero de ordenaci\u00f3n de los padres Nicol\u00e1s Gren\u00f3n y Aldo Martini, y qui\u00e9n formara parte del Clero de la regi\u00f3n antes de que la Di\u00f3cesis de Reconquista sea erigida como tal.<\/p>\n<p style=\"text-align: justify;\"><img loading=\"lazy\" decoding=\"async\" class=\"aligncenter size-full wp-image-5799\" src=\"https:\/\/www.obispadorqta.org.ar\/v3\/wp-content\/uploads\/2020\/09\/IMG-20200928-WA0000.jpg\" alt=\"\" width=\"347\" height=\"347\" srcset=\"https:\/\/www.obispadorqta.org.ar\/v3\/wp-content\/uploads\/2020\/09\/IMG-20200928-WA0000.jpg 347w, https:\/\/www.obispadorqta.org.ar\/v3\/wp-content\/uploads\/2020\/09\/IMG-20200928-WA0000-300x300.jpg 300w, https:\/\/www.obispadorqta.org.ar\/v3\/wp-content\/uploads\/2020\/09\/IMG-20200928-WA0000-150x150.jpg 150w\" sizes=\"auto, (max-width: 347px) 100vw, 347px\" \/>El P. Severino Silvestri naci\u00f3 en la localidad de Los Laureles el 22 de septiembre de 1929 y fue ordenado presb\u00edtero el 1 de noviembre de 1954 en la Bas\u00edlica \u00abNuestra Se\u00f1ora de Guadalupe\u00bb por el Arzobispo Mons. Nicol\u00e1s Fasolino.<\/p>\n<p style=\"text-align: justify;\">Actualmente se encontraba residiendo en la Casa del Capell\u00e1n de las Hermanas del Calvario en la ciudad de Santo Tom\u00e9.<\/p>\n<p style=\"text-align: justify;\">Elevamos una oraci\u00f3n por el eterno descanso del P. Severino, y brille para \u00e9l, la luz que no tiene fin.<\/p>\n","protected":false},"excerpt":{"rendered":"<div class=\"mh-excerpt\"><p>Con profundo pesar, comunicamos que en la noche de este domingo 27 de septiembre, a los 91 a\u00f1os, falleci\u00f3 el Padre Severino Silvestri, primo del <a class=\"mh-excerpt-more\" href=\"https:\/\/www.obispadorqta.org.ar\/v3\/fallecimiento-del-p-severino-silvestri\/\" title=\"Fallecimiento del P. Severino Silvestri\">[&#8230;]<\/a><\/p>\n<\/div>","protected":false},"author":2,"featured_media":4965,"comment_status":"closed","ping_status":"open","sticky":false,"template":"","format":"standard","meta":{"footnotes":""},"categories":[6,28],"tags":[],"class_list":["post-5798","post","type-post","status-publish","format-standard","has-post-thumbnail","hentry","category-news","category-latest-news"],"_links":{"self":[{"href":"https:\/\/www.obispadorqta.org.ar\/v3\/wp-json\/wp\/v2\/posts\/5798","targetHints":{"allow":["GET"]}}],"collection":[{"href":"https:\/\/www.obispadorqta.org.ar\/v3\/wp-json\/wp\/v2\/posts"}],"about":[{"href":"https:\/\/www.obispadorqta.org.ar\/v3\/wp-json\/wp\/v2\/types\/post"}],"author":[{"embeddable":true,"href":"https:\/\/www.obispadorqta.org.ar\/v3\/wp-json\/wp\/v2\/users\/2"}],"replies":[{"embeddable":true,"href":"https:\/\/www.obispadorqta.org.ar\/v3\/wp-json\/wp\/v2\/comments?post=5798"}],"version-history":[{"count":2,"href":"https:\/\/www.obispadorqta.org.ar\/v3\/wp-json\/wp\/v2\/posts\/5798\/revisions"}],"predecessor-version":[{"id":5801,"href":"https:\/\/www.obispadorqta.org.ar\/v3\/wp-json\/wp\/v2\/posts\/5798\/revisions\/5801"}],"wp:featuredmedia":[{"embeddable":true,"href":"https:\/\/www.obispadorqta.org.ar\/v3\/wp-json\/wp\/v2\/media\/4965"}],"wp:attachment":[{"href":"https:\/\/www.obispadorqta.org.ar\/v3\/wp-json\/wp\/v2\/media?parent=5798"}],"wp:term":[{"taxonomy":"category","embeddable":true,"href":"https:\/\/www.obispadorqta.org.ar\/v3\/wp-json\/wp\/v2\/categories?post=5798"},{"taxonomy":"post_tag","embeddable":true,"href":"https:\/\/www.obispadorqta.org.ar\/v3\/wp-json\/wp\/v2\/tags?post=5798"}],"curies":[{"name":"wp","href":"https:\/\/api.w.org\/{rel}","templated":true}]}}