{"id":5803,"date":"2020-09-29T11:41:38","date_gmt":"2020-09-29T14:41:38","guid":{"rendered":"http:\/\/www.obispadorqta.org.ar\/v3\/?p=5803"},"modified":"2020-09-29T11:41:48","modified_gmt":"2020-09-29T14:41:48","slug":"100-anos-de-la-capilla-ntra-sra-del-rosario-de-victor-manuel-ii","status":"publish","type":"post","link":"https:\/\/www.obispadorqta.org.ar\/v3\/100-anos-de-la-capilla-ntra-sra-del-rosario-de-victor-manuel-ii\/","title":{"rendered":"100 a\u00f1os de la Capilla \u00abNtra. Sra. del Rosario\u00bb de V\u00edctor Manuel II"},"content":{"rendered":"<p style=\"text-align: justify;\">La comunidad de V\u00edctor Manuel II est\u00e1 llevando a cabo la novena en ocasi\u00f3n de celebrarse los 100 a\u00f1os de la capilla en honor a \u00abNuestra Se\u00f1ora del Rosario\u00bb, que fuera fundada el 07 de octubre de 1920.<\/p>\n<p style=\"text-align: justify;\">El programa de la novena es el siguiente:<\/p>\n<ul style=\"text-align: justify;\">\n<li>Rosario y celebraci\u00f3n, a las 20 hs. Los d\u00edas 28\/09 al 06\/10 (con excepci\u00f3n del 04\/10).<\/li>\n<li>Domingo 04\/10 a las 10 hs. \u00abJUBILEO DE LA TIERRA\u00bb, d\u00eda de San Francisco de As\u00eds, patrono de la creaci\u00f3n. Como gesto se se plantar\u00e1 un \u00e1rbol de Baobab, obsequio del movimiento rural diocesano.<\/li>\n<li>Todas las tardes, el P. Tom\u00e1s Spanghero visitar\u00e1 a las familias.<\/li>\n<li>El d\u00eda mi\u00e9rcoles 07\/10, se celebrar\u00e1 la Santa Misa, presidida por el Obispo Diocesano, Mons. \u00c1ngel Jos\u00e9 Mac\u00edn, a las 20 hs., con bendici\u00f3n de vasos sagrados, elementos lit\u00fargicos y placa conmemorativa.<\/li>\n<\/ul>\n<p style=\"text-align: justify;\">Invitamos a todos a unirnos en oraci\u00f3n por toda la comunidad de V\u00edctor Manuel Segundo, que nuestra se\u00f1ora del Rosario los siga acompa\u00f1ando y bendiciendo la vida de cada uno de ellos.<\/p>\n","protected":false},"excerpt":{"rendered":"<div class=\"mh-excerpt\"><p>La comunidad de V\u00edctor Manuel II est\u00e1 llevando a cabo la novena en ocasi\u00f3n de celebrarse los 100 a\u00f1os de la capilla en honor a <a class=\"mh-excerpt-more\" href=\"https:\/\/www.obispadorqta.org.ar\/v3\/100-anos-de-la-capilla-ntra-sra-del-rosario-de-victor-manuel-ii\/\" title=\"100 a\u00f1os de la Capilla \u00abNtra. Sra. del Rosario\u00bb de V\u00edctor Manuel II\">[&#8230;]<\/a><\/p>\n<\/div>","protected":false},"author":2,"featured_media":5813,"comment_status":"closed","ping_status":"open","sticky":false,"template":"","format":"standard","meta":{"footnotes":""},"categories":[6,28],"tags":[],"class_list":["post-5803","post","type-post","status-publish","format-standard","has-post-thumbnail","hentry","category-news","category-latest-news"],"_links":{"self":[{"href":"https:\/\/www.obispadorqta.org.ar\/v3\/wp-json\/wp\/v2\/posts\/5803","targetHints":{"allow":["GET"]}}],"collection":[{"href":"https:\/\/www.obispadorqta.org.ar\/v3\/wp-json\/wp\/v2\/posts"}],"about":[{"href":"https:\/\/www.obispadorqta.org.ar\/v3\/wp-json\/wp\/v2\/types\/post"}],"author":[{"embeddable":true,"href":"https:\/\/www.obispadorqta.org.ar\/v3\/wp-json\/wp\/v2\/users\/2"}],"replies":[{"embeddable":true,"href":"https:\/\/www.obispadorqta.org.ar\/v3\/wp-json\/wp\/v2\/comments?post=5803"}],"version-history":[{"count":1,"href":"https:\/\/www.obispadorqta.org.ar\/v3\/wp-json\/wp\/v2\/posts\/5803\/revisions"}],"predecessor-version":[{"id":5811,"href":"https:\/\/www.obispadorqta.org.ar\/v3\/wp-json\/wp\/v2\/posts\/5803\/revisions\/5811"}],"wp:featuredmedia":[{"embeddable":true,"href":"https:\/\/www.obispadorqta.org.ar\/v3\/wp-json\/wp\/v2\/media\/5813"}],"wp:attachment":[{"href":"https:\/\/www.obispadorqta.org.ar\/v3\/wp-json\/wp\/v2\/media?parent=5803"}],"wp:term":[{"taxonomy":"category","embeddable":true,"href":"https:\/\/www.obispadorqta.org.ar\/v3\/wp-json\/wp\/v2\/categories?post=5803"},{"taxonomy":"post_tag","embeddable":true,"href":"https:\/\/www.obispadorqta.org.ar\/v3\/wp-json\/wp\/v2\/tags?post=5803"}],"curies":[{"name":"wp","href":"https:\/\/api.w.org\/{rel}","templated":true}]}}