{"id":5804,"date":"2020-09-29T11:14:19","date_gmt":"2020-09-29T14:14:19","guid":{"rendered":"http:\/\/www.obispadorqta.org.ar\/v3\/?p=5804"},"modified":"2020-10-02T12:01:00","modified_gmt":"2020-10-02T15:01:00","slug":"octubre-misionero-2020","status":"publish","type":"post","link":"https:\/\/www.obispadorqta.org.ar\/v3\/octubre-misionero-2020\/","title":{"rendered":"OCTUBRE MISIONERO 2020"},"content":{"rendered":"<p style=\"text-align: center;\"><em><strong>\u201cAqu\u00ed estoy, env\u00edame\u201d.<\/strong><\/em><\/p>\n<p style=\"text-align: left;\">Con mucha alegr\u00eda queremos compartir la propuesta que desde OMP Nacional han presentado, y a la cual como Di\u00f3cesis nos sumamos para vivir este Octubre Misionero 2020.<\/p>\n<p style=\"text-align: left;\">El objetivo es poder acercar a nuestra di\u00f3cesis un dise\u00f1o comunicacional s\u00f3lido, integral (multimedial), organizado que responda a este contexto de pandemia, que nos exige potenciar la virtualidad como medio y como modo de comunicar y, al mismo tiempo, generar contenido que anime a las comunidades y que no se pierda en la cantidad de mensajes y recursos que circulan en redes.<\/p>\n<p style=\"text-align: left;\">A continuaci\u00f3n, compartimos los puntos a tener en cuenta y un esquema que presenta la manera en la que se ha organizado de qu\u00e9 modo se pretende animar este Octubre Misionero.<\/p>\n\n\n<div class=\"wp-block-file\"><a href=\"https:\/\/www.obispadorqta.org.ar\/v3\/wp-content\/uploads\/2020\/09\/IGLESIA-MISIONERA-HOY.pdf\">IGLESIA-MISIONERA-HOY<\/a><a href=\"https:\/\/www.obispadorqta.org.ar\/v3\/wp-content\/uploads\/2020\/09\/IGLESIA-MISIONERA-HOY.pdf\" class=\"wp-block-file__button\" download>Descarga<\/a><\/div>\n\n\n\n<figure class=\"wp-block-image size-large\"><img loading=\"lazy\" decoding=\"async\" width=\"576\" height=\"1024\" src=\"https:\/\/www.obispadorqta.org.ar\/v3\/wp-content\/uploads\/2020\/10\/Codigo-QR-para-ingresar-al-grupo-de-Whatsapp-Octubre-Misionero-1-576x1024.jpg\" alt=\"\" class=\"wp-image-5831\" srcset=\"https:\/\/www.obispadorqta.org.ar\/v3\/wp-content\/uploads\/2020\/10\/Codigo-QR-para-ingresar-al-grupo-de-Whatsapp-Octubre-Misionero-1-576x1024.jpg 576w, https:\/\/www.obispadorqta.org.ar\/v3\/wp-content\/uploads\/2020\/10\/Codigo-QR-para-ingresar-al-grupo-de-Whatsapp-Octubre-Misionero-1-169x300.jpg 169w, https:\/\/www.obispadorqta.org.ar\/v3\/wp-content\/uploads\/2020\/10\/Codigo-QR-para-ingresar-al-grupo-de-Whatsapp-Octubre-Misionero-1.jpg 720w\" sizes=\"auto, (max-width: 576px) 100vw, 576px\" \/><\/figure>\n\n\n\n<figure class=\"wp-block-image size-large\"><img loading=\"lazy\" decoding=\"async\" width=\"724\" height=\"1024\" src=\"https:\/\/www.obispadorqta.org.ar\/v3\/wp-content\/uploads\/2020\/10\/QR-OMP-Argentina_page-0001-1-724x1024.jpg\" alt=\"\" class=\"wp-image-5832\" srcset=\"https:\/\/www.obispadorqta.org.ar\/v3\/wp-content\/uploads\/2020\/10\/QR-OMP-Argentina_page-0001-1-724x1024.jpg 724w, https:\/\/www.obispadorqta.org.ar\/v3\/wp-content\/uploads\/2020\/10\/QR-OMP-Argentina_page-0001-1-212x300.jpg 212w, https:\/\/www.obispadorqta.org.ar\/v3\/wp-content\/uploads\/2020\/10\/QR-OMP-Argentina_page-0001-1-768x1086.jpg 768w, https:\/\/www.obispadorqta.org.ar\/v3\/wp-content\/uploads\/2020\/10\/QR-OMP-Argentina_page-0001-1-1086x1536.jpg 1086w, https:\/\/www.obispadorqta.org.ar\/v3\/wp-content\/uploads\/2020\/10\/QR-OMP-Argentina_page-0001-1.jpg 1240w\" sizes=\"auto, (max-width: 724px) 100vw, 724px\" \/><figcaption>QR Obras Misionales Pontificias<\/figcaption><\/figure>\n","protected":false},"excerpt":{"rendered":"<div class=\"mh-excerpt\"><p>\u201cAqu\u00ed estoy, env\u00edame\u201d. Con mucha alegr\u00eda queremos compartir la propuesta que desde OMP Nacional han presentado, y a la cual como Di\u00f3cesis nos sumamos para <a class=\"mh-excerpt-more\" href=\"https:\/\/www.obispadorqta.org.ar\/v3\/octubre-misionero-2020\/\" title=\"OCTUBRE MISIONERO 2020\">[&#8230;]<\/a><\/p>\n<\/div>","protected":false},"author":3,"featured_media":5808,"comment_status":"closed","ping_status":"open","sticky":false,"template":"","format":"standard","meta":{"footnotes":""},"categories":[6,28],"tags":[],"class_list":["post-5804","post","type-post","status-publish","format-standard","has-post-thumbnail","hentry","category-news","category-latest-news"],"_links":{"self":[{"href":"https:\/\/www.obispadorqta.org.ar\/v3\/wp-json\/wp\/v2\/posts\/5804","targetHints":{"allow":["GET"]}}],"collection":[{"href":"https:\/\/www.obispadorqta.org.ar\/v3\/wp-json\/wp\/v2\/posts"}],"about":[{"href":"https:\/\/www.obispadorqta.org.ar\/v3\/wp-json\/wp\/v2\/types\/post"}],"author":[{"embeddable":true,"href":"https:\/\/www.obispadorqta.org.ar\/v3\/wp-json\/wp\/v2\/users\/3"}],"replies":[{"embeddable":true,"href":"https:\/\/www.obispadorqta.org.ar\/v3\/wp-json\/wp\/v2\/comments?post=5804"}],"version-history":[{"count":3,"href":"https:\/\/www.obispadorqta.org.ar\/v3\/wp-json\/wp\/v2\/posts\/5804\/revisions"}],"predecessor-version":[{"id":5833,"href":"https:\/\/www.obispadorqta.org.ar\/v3\/wp-json\/wp\/v2\/posts\/5804\/revisions\/5833"}],"wp:featuredmedia":[{"embeddable":true,"href":"https:\/\/www.obispadorqta.org.ar\/v3\/wp-json\/wp\/v2\/media\/5808"}],"wp:attachment":[{"href":"https:\/\/www.obispadorqta.org.ar\/v3\/wp-json\/wp\/v2\/media?parent=5804"}],"wp:term":[{"taxonomy":"category","embeddable":true,"href":"https:\/\/www.obispadorqta.org.ar\/v3\/wp-json\/wp\/v2\/categories?post=5804"},{"taxonomy":"post_tag","embeddable":true,"href":"https:\/\/www.obispadorqta.org.ar\/v3\/wp-json\/wp\/v2\/tags?post=5804"}],"curies":[{"name":"wp","href":"https:\/\/api.w.org\/{rel}","templated":true}]}}