{"id":5814,"date":"2020-09-29T11:59:52","date_gmt":"2020-09-29T14:59:52","guid":{"rendered":"http:\/\/www.obispadorqta.org.ar\/v3\/?p=5814"},"modified":"2020-09-29T12:01:33","modified_gmt":"2020-09-29T15:01:33","slug":"jubileo-de-la-tierra","status":"publish","type":"post","link":"https:\/\/www.obispadorqta.org.ar\/v3\/jubileo-de-la-tierra\/","title":{"rendered":"Jubileo de la Tierra"},"content":{"rendered":"<p style=\"text-align: justify;\">El pr\u00f3ximo domingo 04 de octubre, el Santo Padre Francisco, ha dado a conocer un mensaje con ocasi\u00f3n de la Jornada Mundial de Oraci\u00f3n por el Cuidado de la Creaci\u00f3n, que marca el inicio del Jubileo de la tierra. En su comunicaci\u00f3n ha recordado que \u201cEn la Sagrada Escritura, el Jubileo es un tiempo sagrado para recordar, regresar, descansar, reparar y alegrarse\u201d<\/p>\n<p style=\"text-align: justify;\">Como parte de las distintas actividades que se realizan en este jubileo, y en ocasi\u00f3n de celebrarse los 100 a\u00f1os de la capilla \u00abNtra. Sra. del Rosario\u00bb de la comunidad de V\u00edctor Manuel Segundo, como parte de su novena se celebrar\u00e1 la Santa Misa y como gesto se plantar\u00e1 un \u00e1rbol de Baobab, obsequio del movimiento rural diocesano.<\/p>\n<p style=\"text-align: justify;\">A continuaci\u00f3n compartimos un link donde podremos leer el texto completo del mensaje del Papa Francisco:<\/p>\n<p style=\"text-align: justify;\"><a href=\"http:\/\/press.vatican.va\/content\/salastampa\/es\/bollettino\/pubblico\/2020\/09\/01\/mensa.html\">Mensaje del Santo Padre Francisco para la celebraci\u00f3n de la VI Jornada mundial de oraci\u00f3n por el cuidado de la creaci\u00f3n.<\/a><\/p>\n","protected":false},"excerpt":{"rendered":"<div class=\"mh-excerpt\"><p>El pr\u00f3ximo domingo 04 de octubre, el Santo Padre Francisco, ha dado a conocer un mensaje con ocasi\u00f3n de la Jornada Mundial de Oraci\u00f3n por <a class=\"mh-excerpt-more\" href=\"https:\/\/www.obispadorqta.org.ar\/v3\/jubileo-de-la-tierra\/\" title=\"Jubileo de la Tierra\">[&#8230;]<\/a><\/p>\n<\/div>","protected":false},"author":2,"featured_media":5817,"comment_status":"closed","ping_status":"open","sticky":false,"template":"","format":"standard","meta":{"footnotes":""},"categories":[6,28],"tags":[],"class_list":["post-5814","post","type-post","status-publish","format-standard","has-post-thumbnail","hentry","category-news","category-latest-news"],"_links":{"self":[{"href":"https:\/\/www.obispadorqta.org.ar\/v3\/wp-json\/wp\/v2\/posts\/5814","targetHints":{"allow":["GET"]}}],"collection":[{"href":"https:\/\/www.obispadorqta.org.ar\/v3\/wp-json\/wp\/v2\/posts"}],"about":[{"href":"https:\/\/www.obispadorqta.org.ar\/v3\/wp-json\/wp\/v2\/types\/post"}],"author":[{"embeddable":true,"href":"https:\/\/www.obispadorqta.org.ar\/v3\/wp-json\/wp\/v2\/users\/2"}],"replies":[{"embeddable":true,"href":"https:\/\/www.obispadorqta.org.ar\/v3\/wp-json\/wp\/v2\/comments?post=5814"}],"version-history":[{"count":2,"href":"https:\/\/www.obispadorqta.org.ar\/v3\/wp-json\/wp\/v2\/posts\/5814\/revisions"}],"predecessor-version":[{"id":5818,"href":"https:\/\/www.obispadorqta.org.ar\/v3\/wp-json\/wp\/v2\/posts\/5814\/revisions\/5818"}],"wp:featuredmedia":[{"embeddable":true,"href":"https:\/\/www.obispadorqta.org.ar\/v3\/wp-json\/wp\/v2\/media\/5817"}],"wp:attachment":[{"href":"https:\/\/www.obispadorqta.org.ar\/v3\/wp-json\/wp\/v2\/media?parent=5814"}],"wp:term":[{"taxonomy":"category","embeddable":true,"href":"https:\/\/www.obispadorqta.org.ar\/v3\/wp-json\/wp\/v2\/categories?post=5814"},{"taxonomy":"post_tag","embeddable":true,"href":"https:\/\/www.obispadorqta.org.ar\/v3\/wp-json\/wp\/v2\/tags?post=5814"}],"curies":[{"name":"wp","href":"https:\/\/api.w.org\/{rel}","templated":true}]}}