{"id":5821,"date":"2020-09-30T09:47:48","date_gmt":"2020-09-30T12:47:48","guid":{"rendered":"http:\/\/www.obispadorqta.org.ar\/v3\/?p=5821"},"modified":"2020-09-30T09:49:35","modified_gmt":"2020-09-30T12:49:35","slug":"ciclo-de-conferencias-jubileo-por-la-tierra","status":"publish","type":"post","link":"https:\/\/www.obispadorqta.org.ar\/v3\/ciclo-de-conferencias-jubileo-por-la-tierra\/","title":{"rendered":"Ciclo de Conferencias: Jubileo por la Tierra"},"content":{"rendered":"<h4 style=\"text-align: center;\"><em><strong>\u00bfQu\u00e9 est\u00e1 pasando en nuestra Casa com\u00fan?<\/strong><\/em><\/h4>\n<p style=\"text-align: justify;\">Desde el 1 de Septiembre hasta el 4 de octubre el Papa Francisco nos invita a celebrar el \u201cJubileo de la tierra\u201d para recordar que este es un momento especial para valorar el Tiempo de la Creaci\u00f3n y el cuidado que le debemos a nuestra casa com\u00fan.<\/p>\n<p style=\"text-align: justify;\">En este tiempo es necesario reflexionar como sociedad de manera conjunta para encontrar caminos que nos lleven a una conversi\u00f3n ecol\u00f3gica y realizar acciones que nos lleven a tener un mundo m\u00e1s justo, pac\u00edfico y sostenible.<\/p>\n<p style=\"text-align: justify;\">El Papa tambi\u00e9n nos dice que debemos volver a escuchar la tierra: \u201cHoy la voz de la creaci\u00f3n nos urge, alarmada, a regresar al lugar correcto en el orden natural, a recordar que somos parte, no due\u00f1os, de la red interconectada de la vida. La desintegraci\u00f3n de la biodiversidad, el vertiginoso incremento de los desastres clim\u00e1ticos, el impacto desigual de la pandemia en curso sobre los m\u00e1s pobres y fr\u00e1giles son se\u00f1ales de alarma ante la codicia desenfrenada del consumo\u201d.<\/p>\n<p style=\"text-align: justify;\">Preocupados por tantos hechos como la crisis ambiental, los incendios, la afectaci\u00f3n a los ecosistemas, que cobran la atenci\u00f3n y movilizan reclamos en la sociedad, los equipos de Pastoral Social y Justicia y Paz de la Di\u00f3cesis de Reconquista est\u00e1n llevando adelante ciclos de conferencias formativas e informativas con aportes t\u00e9cnicos y ambientales sobre temas que permitan conocer la realidad de los mismos.<\/p>\n<p style=\"text-align: justify;\">Este ciclo se hizo extensivo a distintos agentes de pastorales pertenecientes a: Arquidi\u00f3cesis de Resistencia, Arquidi\u00f3cesis de Santa Fe, Pastoral Rural, Pastoral Aborigen, Junta de Laicos, Espacios pro- vida y sacerdotes de la comunidad que vienen trabajando en este tema y con la posibilidad de ir generando espacios que permitan generar acciones hacia una ecolog\u00eda integral por el cuidado de la Casa Com\u00fan.<\/p>\n<p style=\"text-align: right;\"><em>Organiza: Pastoral Social y Justicia y Paz de la Di\u00f3cesis de Reconquista<\/em><\/p>\n","protected":false},"excerpt":{"rendered":"<div class=\"mh-excerpt\"><p>\u00bfQu\u00e9 est\u00e1 pasando en nuestra Casa com\u00fan? Desde el 1 de Septiembre hasta el 4 de octubre el Papa Francisco nos invita a celebrar el <a class=\"mh-excerpt-more\" href=\"https:\/\/www.obispadorqta.org.ar\/v3\/ciclo-de-conferencias-jubileo-por-la-tierra\/\" title=\"Ciclo de Conferencias: Jubileo por la Tierra\">[&#8230;]<\/a><\/p>\n<\/div>","protected":false},"author":3,"featured_media":5822,"comment_status":"closed","ping_status":"open","sticky":false,"template":"","format":"standard","meta":{"footnotes":""},"categories":[6,28],"tags":[],"class_list":["post-5821","post","type-post","status-publish","format-standard","has-post-thumbnail","hentry","category-news","category-latest-news"],"_links":{"self":[{"href":"https:\/\/www.obispadorqta.org.ar\/v3\/wp-json\/wp\/v2\/posts\/5821","targetHints":{"allow":["GET"]}}],"collection":[{"href":"https:\/\/www.obispadorqta.org.ar\/v3\/wp-json\/wp\/v2\/posts"}],"about":[{"href":"https:\/\/www.obispadorqta.org.ar\/v3\/wp-json\/wp\/v2\/types\/post"}],"author":[{"embeddable":true,"href":"https:\/\/www.obispadorqta.org.ar\/v3\/wp-json\/wp\/v2\/users\/3"}],"replies":[{"embeddable":true,"href":"https:\/\/www.obispadorqta.org.ar\/v3\/wp-json\/wp\/v2\/comments?post=5821"}],"version-history":[{"count":2,"href":"https:\/\/www.obispadorqta.org.ar\/v3\/wp-json\/wp\/v2\/posts\/5821\/revisions"}],"predecessor-version":[{"id":5824,"href":"https:\/\/www.obispadorqta.org.ar\/v3\/wp-json\/wp\/v2\/posts\/5821\/revisions\/5824"}],"wp:featuredmedia":[{"embeddable":true,"href":"https:\/\/www.obispadorqta.org.ar\/v3\/wp-json\/wp\/v2\/media\/5822"}],"wp:attachment":[{"href":"https:\/\/www.obispadorqta.org.ar\/v3\/wp-json\/wp\/v2\/media?parent=5821"}],"wp:term":[{"taxonomy":"category","embeddable":true,"href":"https:\/\/www.obispadorqta.org.ar\/v3\/wp-json\/wp\/v2\/categories?post=5821"},{"taxonomy":"post_tag","embeddable":true,"href":"https:\/\/www.obispadorqta.org.ar\/v3\/wp-json\/wp\/v2\/tags?post=5821"}],"curies":[{"name":"wp","href":"https:\/\/api.w.org\/{rel}","templated":true}]}}