{"id":5825,"date":"2020-10-01T09:30:19","date_gmt":"2020-10-01T12:30:19","guid":{"rendered":"http:\/\/www.obispadorqta.org.ar\/v3\/?p=5825"},"modified":"2020-10-01T09:30:45","modified_gmt":"2020-10-01T12:30:45","slug":"obolo-de-san-pedro","status":"publish","type":"post","link":"https:\/\/www.obispadorqta.org.ar\/v3\/obolo-de-san-pedro\/","title":{"rendered":"\u00d3BOLO DE SAN PEDRO"},"content":{"rendered":"<p style=\"text-align: justify;\"><span style=\"color: #000000;\">Recordamos que por razones de la Pandemia, la colecta conocida como \u00ab\u00d2bolo de San Pedro\u00bb, que habitualmente se realiza el d\u00eca 29 de Junio, solemnidad de los Ap\u00f3stoles Pedro y Pablo, se ha trasladado para el pr\u00f3ximo fin de semana, 3 y 4 de Octubre.<\/span><\/p>\n<p style=\"text-align: justify;\"><span style=\"color: #000000;\">Esta colecta tiene una larga trayectoria en la Iglesia y est\u00e1 destinada al sostenimiento del Santo Padre y a las obras de caridad que \u00e9l decida y emprenda.<\/span><\/p>\n<p style=\"text-align: justify;\"><span style=\"color: #000000;\">El Papa Francisco le ha dado un nuevo impulso, animando con los aportes diversas obras de beneficencia.<\/span><\/p>\n\n\n<p><\/p>\n","protected":false},"excerpt":{"rendered":"<div class=\"mh-excerpt\"><p>Recordamos que por razones de la Pandemia, la colecta conocida como \u00ab\u00d2bolo de San Pedro\u00bb, que habitualmente se realiza el d\u00eca 29 de Junio, solemnidad <a class=\"mh-excerpt-more\" href=\"https:\/\/www.obispadorqta.org.ar\/v3\/obolo-de-san-pedro\/\" title=\"\u00d3BOLO DE SAN PEDRO\">[&#8230;]<\/a><\/p>\n<\/div>","protected":false},"author":3,"featured_media":5826,"comment_status":"closed","ping_status":"open","sticky":false,"template":"","format":"standard","meta":{"footnotes":""},"categories":[6,28],"tags":[],"class_list":["post-5825","post","type-post","status-publish","format-standard","has-post-thumbnail","hentry","category-news","category-latest-news"],"_links":{"self":[{"href":"https:\/\/www.obispadorqta.org.ar\/v3\/wp-json\/wp\/v2\/posts\/5825","targetHints":{"allow":["GET"]}}],"collection":[{"href":"https:\/\/www.obispadorqta.org.ar\/v3\/wp-json\/wp\/v2\/posts"}],"about":[{"href":"https:\/\/www.obispadorqta.org.ar\/v3\/wp-json\/wp\/v2\/types\/post"}],"author":[{"embeddable":true,"href":"https:\/\/www.obispadorqta.org.ar\/v3\/wp-json\/wp\/v2\/users\/3"}],"replies":[{"embeddable":true,"href":"https:\/\/www.obispadorqta.org.ar\/v3\/wp-json\/wp\/v2\/comments?post=5825"}],"version-history":[{"count":1,"href":"https:\/\/www.obispadorqta.org.ar\/v3\/wp-json\/wp\/v2\/posts\/5825\/revisions"}],"predecessor-version":[{"id":5827,"href":"https:\/\/www.obispadorqta.org.ar\/v3\/wp-json\/wp\/v2\/posts\/5825\/revisions\/5827"}],"wp:featuredmedia":[{"embeddable":true,"href":"https:\/\/www.obispadorqta.org.ar\/v3\/wp-json\/wp\/v2\/media\/5826"}],"wp:attachment":[{"href":"https:\/\/www.obispadorqta.org.ar\/v3\/wp-json\/wp\/v2\/media?parent=5825"}],"wp:term":[{"taxonomy":"category","embeddable":true,"href":"https:\/\/www.obispadorqta.org.ar\/v3\/wp-json\/wp\/v2\/categories?post=5825"},{"taxonomy":"post_tag","embeddable":true,"href":"https:\/\/www.obispadorqta.org.ar\/v3\/wp-json\/wp\/v2\/tags?post=5825"}],"curies":[{"name":"wp","href":"https:\/\/api.w.org\/{rel}","templated":true}]}}