{"id":5843,"date":"2020-10-20T12:00:09","date_gmt":"2020-10-20T15:00:09","guid":{"rendered":"http:\/\/www.obispadorqta.org.ar\/v3\/?p=5843"},"modified":"2020-10-20T12:00:24","modified_gmt":"2020-10-20T15:00:24","slug":"ultreya-jubilar-de-cursillo","status":"publish","type":"post","link":"https:\/\/www.obispadorqta.org.ar\/v3\/ultreya-jubilar-de-cursillo\/","title":{"rendered":"Ultreya Jubilar de Cursillo"},"content":{"rendered":"<p style=\"text-align: justify;\">El domingo 25 de octubre, en la Parroquia Mar\u00eda Madre de Dios, se realizar\u00e1 la Ultreya Jubilar del Movimiento de Cursillo de Cristiandad. Comenzar\u00e1 a las 19:30 horas con una peque\u00f1a rese\u00f1a hist\u00f3rica y compartiendo testimonios de estos 50 a\u00f1os del movimiento.<\/p>\n<p style=\"text-align: justify;\">Luego de las palabras de la presidente, se celebrar\u00e1 la Santa Misa, presidida por el Obispo Diocesano, Mons. Dr. \u00c1ngel Jos\u00e9 Mac\u00edn y concelebrada por el Pbro. Giancarlo Maistrello, asesor del movimiento de cursillo de cristiandad, y sacerdotes de la parroquia.<\/p>\n<p style=\"text-align: justify;\">Se presentar\u00e1n ofrendas referidas al jubileo y se finalizar\u00e1 con el canto del movimiento DE COLORES.<\/p>\n<p style=\"text-align: justify;\">Los medios por los cuales se transmitir\u00e1 este acontecimiento son los siguientes:<\/p>\n<p style=\"text-align: justify;\">Radio Amanecer: <a href=\"http:\/\/radioamanecer.com.ar\/\">HACER CLICK AQU\u00cd<\/a><\/p>\n<p>Facebook Parroquia Mar\u00eda Madre de Dios: <a href=\"https:\/\/www.facebook.com\/parroquia.madrededios.3\">HACER CLICK AQU\u00cd<\/a><\/p>\n","protected":false},"excerpt":{"rendered":"<div class=\"mh-excerpt\"><p>El domingo 25 de octubre, en la Parroquia Mar\u00eda Madre de Dios, se realizar\u00e1 la Ultreya Jubilar del Movimiento de Cursillo de Cristiandad. Comenzar\u00e1 a <a class=\"mh-excerpt-more\" href=\"https:\/\/www.obispadorqta.org.ar\/v3\/ultreya-jubilar-de-cursillo\/\" title=\"Ultreya Jubilar de Cursillo\">[&#8230;]<\/a><\/p>\n<\/div>","protected":false},"author":2,"featured_media":5847,"comment_status":"closed","ping_status":"open","sticky":false,"template":"","format":"standard","meta":{"footnotes":""},"categories":[6,28],"tags":[],"class_list":["post-5843","post","type-post","status-publish","format-standard","has-post-thumbnail","hentry","category-news","category-latest-news"],"_links":{"self":[{"href":"https:\/\/www.obispadorqta.org.ar\/v3\/wp-json\/wp\/v2\/posts\/5843","targetHints":{"allow":["GET"]}}],"collection":[{"href":"https:\/\/www.obispadorqta.org.ar\/v3\/wp-json\/wp\/v2\/posts"}],"about":[{"href":"https:\/\/www.obispadorqta.org.ar\/v3\/wp-json\/wp\/v2\/types\/post"}],"author":[{"embeddable":true,"href":"https:\/\/www.obispadorqta.org.ar\/v3\/wp-json\/wp\/v2\/users\/2"}],"replies":[{"embeddable":true,"href":"https:\/\/www.obispadorqta.org.ar\/v3\/wp-json\/wp\/v2\/comments?post=5843"}],"version-history":[{"count":3,"href":"https:\/\/www.obispadorqta.org.ar\/v3\/wp-json\/wp\/v2\/posts\/5843\/revisions"}],"predecessor-version":[{"id":5848,"href":"https:\/\/www.obispadorqta.org.ar\/v3\/wp-json\/wp\/v2\/posts\/5843\/revisions\/5848"}],"wp:featuredmedia":[{"embeddable":true,"href":"https:\/\/www.obispadorqta.org.ar\/v3\/wp-json\/wp\/v2\/media\/5847"}],"wp:attachment":[{"href":"https:\/\/www.obispadorqta.org.ar\/v3\/wp-json\/wp\/v2\/media?parent=5843"}],"wp:term":[{"taxonomy":"category","embeddable":true,"href":"https:\/\/www.obispadorqta.org.ar\/v3\/wp-json\/wp\/v2\/categories?post=5843"},{"taxonomy":"post_tag","embeddable":true,"href":"https:\/\/www.obispadorqta.org.ar\/v3\/wp-json\/wp\/v2\/tags?post=5843"}],"curies":[{"name":"wp","href":"https:\/\/api.w.org\/{rel}","templated":true}]}}